{"id":2158,"date":"2013-10-30T11:13:35","date_gmt":"2013-10-30T11:13:35","guid":{"rendered":"http:\/\/blogs.hoy.es\/senderosextremadura\/?p=2158"},"modified":"2013-10-30T11:13:35","modified_gmt":"2013-10-30T11:13:35","slug":"el-bordon-hace-este-fin-de-semana-tres-etapas-de-la-via-de-la-plata","status":"publish","type":"post","link":"https:\/\/blogs.hoy.es\/senderosextremadura\/2013\/10\/30\/el-bordon-hace-este-fin-de-semana-tres-etapas-de-la-via-de-la-plata\/","title":{"rendered":"El Bord\u00f3n recorre este fin de semana tres etapas de la V\u00eda de la Plata"},"content":{"rendered":"<div>\n<div id=\"noticia-pestanas\">\n<div id=\"ccronica\">\n<div>\n<div id=\"attachment_2160\" style=\"width: 610px\" class=\"wp-caption aligncenter\"><a href=\"https:\/\/blogs.hoy.es\/senderosextremadura\/\"><img aria-describedby=\"caption-attachment-2160\" loading=\"lazy\" class=\"size-full wp-image-2160\" title=\"\" src=\"\/senderosextremadura\/wp-content\/uploads\/sites\/22\/2013\/10\/006_31.jpg\" alt=\"\" width=\"600\" height=\"450\" srcset=\"https:\/\/static-blogs.hoy.es\/wp-content\/uploads\/sites\/22\/2013\/10\/006_31.jpg 600w, https:\/\/static-blogs.hoy.es\/wp-content\/uploads\/sites\/22\/2013\/10\/006_31-300x225.jpg 300w\" sizes=\"(max-width: 600px) 100vw, 600px\" \/><\/a><p id=\"caption-attachment-2160\" class=\"wp-caption-text\">Miembros de El Bord\u00f3n en la Plaza Mayor de Salamanca:: EL BORD\u00d3N<\/p><\/div>\n<p>La <a href=\"http:\/\/www.pruebanostop.com\/elbordon\/\" rel=\"external nofollow\"><strong>Asociaci\u00f3n Deportiva el Bord\u00f3n<\/strong><\/a> (Plasencia) aprovecha este fin de semana para avanzar en su andadura por la V\u00eda de la Plata y se propone llegar hasta Zamora. En la jornada del viernes, coincidiendo con el octavo aniversario de la asociaci\u00f3n, har\u00e1n la etapa a entre <strong>Calzada de Valdunciel y El Cubo de la Tierra del Vino<\/strong> con unos 22 kil\u00f3metros de distancia. Al finalizar, tras la comida, habr\u00e1 una visita cultural a una queser\u00eda t\u00edpica. Esa noche se pernocta en Zamora.<\/p>\n<p>El s\u00e1bado se hace la etapa de El Cubo, hasta un punto de la Za-305 lugar en el que se tomar\u00e1 un autob\u00fas para volver al hotel, disfrutar de la comida y viajar hasta la ciudad de Toro para hacer una visita y sus bodegas.<\/p>\n<p>En la ma\u00f1ana del domingo d\u00eda tres de noviembre, los caminantes llevar\u00e1n a cabo la tercera y \u00faltima etapa de ese fin de semana que les llevar\u00e1 a cruzar Zamora capital y, probablemente, a avanzar unos pocos kil\u00f3metros m\u00e1s all\u00e1 de la ciudad. Todo ello queda en funci\u00f3n de la climatolog\u00eda y el horario previsto.<\/p>\n<p>&nbsp;<\/p>\n<p>M\u00e1s informaci\u00f3 de la ruta en la <a href=\"http:\/\/www.pruebanostop.com\/elbordon\/default.asp?plant=7&#038;id=1&#038;idnoticia=386\" rel=\"external nofollow\"><strong>web del club<\/strong><\/a>.<\/p>\n<\/div>\n<\/div>\n<\/div>\n<\/div>\n<!-- AddThis Advanced Settings generic via filter on the_content --><!-- AddThis Share Buttons generic via filter on the_content -->","protected":false},"excerpt":{"rendered":"<p>La Asociaci\u00f3n Deportiva el Bord\u00f3n (Plasencia) aprovecha este fin de semana para avanzar en su andadura por la V\u00eda de la Plata y se propone llegar hasta Zamora. En la jornada del viernes, coincidiendo con el octavo aniversario de la asociaci\u00f3n, har\u00e1n la etapa a entre Calzada de Valdunciel y El Cubo de la Tierra [&hellip;]<!-- AddThis Advanced Settings generic via filter on get_the_excerpt --><!-- AddThis Share Buttons generic via filter on get_the_excerpt --><\/p>\n","protected":false},"author":27,"featured_media":0,"comment_status":"open","ping_status":"closed","sticky":false,"template":"","format":"standard","meta":[],"categories":[4],"tags":[301,906,1035,1053,1077],"_links":{"self":[{"href":"https:\/\/blogs.hoy.es\/senderosextremadura\/wp-json\/wp\/v2\/posts\/2158"}],"collection":[{"href":"https:\/\/blogs.hoy.es\/senderosextremadura\/wp-json\/wp\/v2\/posts"}],"about":[{"href":"https:\/\/blogs.hoy.es\/senderosextremadura\/wp-json\/wp\/v2\/types\/post"}],"author":[{"embeddable":true,"href":"https:\/\/blogs.hoy.es\/senderosextremadura\/wp-json\/wp\/v2\/users\/27"}],"replies":[{"embeddable":true,"href":"https:\/\/blogs.hoy.es\/senderosextremadura\/wp-json\/wp\/v2\/comments?post=2158"}],"version-history":[{"count":0,"href":"https:\/\/blogs.hoy.es\/senderosextremadura\/wp-json\/wp\/v2\/posts\/2158\/revisions"}],"wp:attachment":[{"href":"https:\/\/blogs.hoy.es\/senderosextremadura\/wp-json\/wp\/v2\/media?parent=2158"}],"wp:term":[{"taxonomy":"category","embeddable":true,"href":"https:\/\/blogs.hoy.es\/senderosextremadura\/wp-json\/wp\/v2\/categories?post=2158"},{"taxonomy":"post_tag","embeddable":true,"href":"https:\/\/blogs.hoy.es\/senderosextremadura\/wp-json\/wp\/v2\/tags?post=2158"}],"curies":[{"name":"wp","href":"https:\/\/api.w.org\/{rel}","templated":true}]}}