{"id":2167,"date":"2013-11-01T23:01:43","date_gmt":"2013-11-01T23:01:43","guid":{"rendered":"http:\/\/blogs.hoy.es\/senderosextremadura\/?p=2167"},"modified":"2013-11-01T23:01:43","modified_gmt":"2013-11-01T23:01:43","slug":"valle-del-ambroz-la-ruta-con-mas-tiron-del-otono-extremeno-10-de-noviembre","status":"publish","type":"post","link":"https:\/\/blogs.hoy.es\/senderosextremadura\/2013\/11\/01\/valle-del-ambroz-la-ruta-con-mas-tiron-del-otono-extremeno-10-de-noviembre\/","title":{"rendered":"Valle del Ambroz, la ruta con m\u00e1s tir\u00f3n del oto\u00f1o extreme\u00f1o (10 de noviembre)"},"content":{"rendered":"<div id=\"attachment_2169\" style=\"width: 610px\" class=\"wp-caption aligncenter\"><a href=\"https:\/\/blogs.hoy.es\/senderosextremadura\/2013\/11\/01\/valle-del-ambroz-la-ruta-con-mas-tiron-del-otono-extremeno-10-de-noviembre\/resizer-valle\/\" rel=\"attachment wp-att-2169\"><img aria-describedby=\"caption-attachment-2169\" loading=\"lazy\" class=\"size-large wp-image-2169\" title=\"\" src=\"\/senderosextremadura\/wp-content\/uploads\/sites\/22\/2013\/11\/resizer-valle.jpg\" alt=\"\" width=\"600\" height=\"450\" srcset=\"https:\/\/static-blogs.hoy.es\/wp-content\/uploads\/sites\/22\/2013\/11\/resizer-valle.jpg 760w, https:\/\/static-blogs.hoy.es\/wp-content\/uploads\/sites\/22\/2013\/11\/resizer-valle-300x225.jpg 300w, https:\/\/static-blogs.hoy.es\/wp-content\/uploads\/sites\/22\/2013\/11\/resizer-valle-600x450.jpg 600w\" sizes=\"(max-width: 600px) 100vw, 600px\" \/><\/a><p id=\"caption-attachment-2169\" class=\"wp-caption-text\">Imagen oto\u00f1al del Valle de Ambroz, en el norte de C\u00e1ceres<\/p><\/div>\n<p>Vuelve la ruta oto\u00f1al por excelencia en Extremadura.\u00a0 <strong>Explorer<\/strong> raelizar\u00e1 la <strong>Ruta del Oto\u00f1o M\u00e1gico por el Valle del Ambroz<\/strong>, de Ba\u00f1os de Montemayor a <strong>Herv\u00e1s.<\/strong> La marcha tendr\u00e1 lugar el pr\u00f3ximo domingo 10 de noviembre.\u00a0 Se trata de un <strong>recorrido de unos 14 kil\u00f3metros<\/strong>. La marcha arranca en la localidad cacere\u00f1a de <strong>Ba\u00f1os de Montemayor<\/strong> ascendiendo por un espectacular bosque de casta\u00f1os y robles hasta llegar a la peque\u00f1a poblaci\u00f3n de <strong>La Garganta<\/strong>. Desde aqu\u00ed se desciende por otro impresionante bosque que conduce hasta la capital del Valle del Ambroz, Herv\u00e1s.<\/p>\n<p>INSCRIPCI\u00d3N ONLINE (hasta agotar plazas o hasta el Viernes, 08\/11\/2013):<br \/>\n<a href=\"http:\/\/www.facebook.com\/l.php?u=http%3A%2F%2Fwww.reunalia.com%2Fv03%2Finscripciones%2Finscripcion_paso2.aspx%3FEvento%3D6E6300D69C220DC2%26Plaza%3D3283%26PlazaTarifa%3D30881%26if%26c&#038;h=uAQF9QCUr&#038;enc=AZM_EK566vDrDKZhO0HlxUWmUBQEXo92s9OBeSMRv7g_rEFimXCKKY73eoHbVo08UwzA55roLS1imiAULl3KAvxtz8J5KEyLPY6CDVV7NYoSpETfLPyDWDNBxJNpNKdw3aM&#038;s=1\" rel=\"nofollow external\" target=\"_blank\">http:\/\/www.reunalia.com\/v03\/inscripciones\/inscripcion_paso2.aspx?Evento=6E6300D69C220DC2&#038;Plaza=3283&#038;PlazaTarifa=30881&#038;if&#038;c<\/a><\/p>\n<p>SALIDA:<br \/>\n08,00h desde Badajoz (Aparcamientos Iglesia San Jos\u00e9)<br \/>\n09,00h desde C\u00e1ceres (Restaurante La Caba\u00f1a, EX-100, Km 9)<br \/>\nREGRESO:<br \/>\n16,30h desde Herv\u00e1s<\/p>\n<p>CUOTA: 20 euros<br \/>\nINCLUYE:<br \/>\n&#8211; Traslados Ida \/ Vuelta<br \/>\n&#8211; Gu\u00eda Titulado<br \/>\n&#8211; Seguros<br \/>\n&#8211; Etc<\/p>\n<p>EQUIPO RECOMENDADO:<br \/>\n&#8211; Botas de Trekking Gore-Tex o similar<br \/>\n&#8211; Pantal\u00f3n de Trekking Soft Shell o similar<br \/>\n&#8211; Chaqueta Polar o Soft Shell o similar<br \/>\n&#8211; Chaqueta Gore-Tex o similar<br \/>\n&#8211; Bastones de Trekking<br \/>\n&#8211; PicNic<br \/>\n&#8211; Frutos secos y bebida isot\u00f3nica<br \/>\n&#8211; Etc<\/p>\n<p>INFORMACI\u00d3N: 902 999 163<br \/>\nE-MAIL: tourextremadura@zonaexplorer.com<\/p>\n<!-- AddThis Advanced Settings generic via filter on the_content --><!-- AddThis Share Buttons generic via filter on the_content -->","protected":false},"excerpt":{"rendered":"<p>Vuelve la ruta oto\u00f1al por excelencia en Extremadura.\u00a0 Explorer raelizar\u00e1 la Ruta del Oto\u00f1o M\u00e1gico por el Valle del Ambroz, de Ba\u00f1os de Montemayor a Herv\u00e1s. La marcha tendr\u00e1 lugar el pr\u00f3ximo domingo 10 de noviembre.\u00a0 Se trata de un recorrido de unos 14 kil\u00f3metros. La marcha arranca en la localidad cacere\u00f1a de Ba\u00f1os de [&hellip;]<!-- AddThis Advanced Settings generic via filter on get_the_excerpt --><!-- AddThis Share Buttons generic via filter on get_the_excerpt --><\/p>\n","protected":false},"author":27,"featured_media":0,"comment_status":"open","ping_status":"closed","sticky":false,"template":"","format":"standard","meta":[],"categories":[4],"tags":[],"_links":{"self":[{"href":"https:\/\/blogs.hoy.es\/senderosextremadura\/wp-json\/wp\/v2\/posts\/2167"}],"collection":[{"href":"https:\/\/blogs.hoy.es\/senderosextremadura\/wp-json\/wp\/v2\/posts"}],"about":[{"href":"https:\/\/blogs.hoy.es\/senderosextremadura\/wp-json\/wp\/v2\/types\/post"}],"author":[{"embeddable":true,"href":"https:\/\/blogs.hoy.es\/senderosextremadura\/wp-json\/wp\/v2\/users\/27"}],"replies":[{"embeddable":true,"href":"https:\/\/blogs.hoy.es\/senderosextremadura\/wp-json\/wp\/v2\/comments?post=2167"}],"version-history":[{"count":0,"href":"https:\/\/blogs.hoy.es\/senderosextremadura\/wp-json\/wp\/v2\/posts\/2167\/revisions"}],"wp:attachment":[{"href":"https:\/\/blogs.hoy.es\/senderosextremadura\/wp-json\/wp\/v2\/media?parent=2167"}],"wp:term":[{"taxonomy":"category","embeddable":true,"href":"https:\/\/blogs.hoy.es\/senderosextremadura\/wp-json\/wp\/v2\/categories?post=2167"},{"taxonomy":"post_tag","embeddable":true,"href":"https:\/\/blogs.hoy.es\/senderosextremadura\/wp-json\/wp\/v2\/tags?post=2167"}],"curies":[{"name":"wp","href":"https:\/\/api.w.org\/{rel}","templated":true}]}}