{"id":2170,"date":"2013-11-04T10:04:21","date_gmt":"2013-11-04T10:04:21","guid":{"rendered":"http:\/\/blogs.hoy.es\/senderosextremadura\/?p=2170"},"modified":"2013-11-04T10:04:21","modified_gmt":"2013-11-04T10:04:21","slug":"la-sierra-de-gata-atesora-uno-de-los-bosques-de-castanos-mas-grandes-de-europa-10-de-noviembre","status":"publish","type":"post","link":"https:\/\/blogs.hoy.es\/senderosextremadura\/2013\/11\/04\/la-sierra-de-gata-atesora-uno-de-los-bosques-de-castanos-mas-grandes-de-europa-10-de-noviembre\/","title":{"rendered":"Uno de los mayores casta\u00f1ares aguarda en la Sierra de Gata (10 de noviembre)"},"content":{"rendered":"<div id=\"attachment_2172\" style=\"width: 610px\" class=\"wp-caption aligncenter\"><a href=\"https:\/\/blogs.hoy.es\/senderosextremadura\/\"><img aria-describedby=\"caption-attachment-2172\" loading=\"lazy\" class=\"size-large wp-image-2172\" title=\"\" src=\"\/senderosextremadura\/wp-content\/uploads\/sites\/22\/2013\/11\/CASTANOS5.jpg\" alt=\"\" width=\"600\" height=\"386\" srcset=\"https:\/\/static-blogs.hoy.es\/wp-content\/uploads\/sites\/22\/2013\/11\/CASTANOS5.jpg 1280w, https:\/\/static-blogs.hoy.es\/wp-content\/uploads\/sites\/22\/2013\/11\/CASTANOS5-300x193.jpg 300w, https:\/\/static-blogs.hoy.es\/wp-content\/uploads\/sites\/22\/2013\/11\/CASTANOS5-768x494.jpg 768w, https:\/\/static-blogs.hoy.es\/wp-content\/uploads\/sites\/22\/2013\/11\/CASTANOS5-600x386.jpg 600w\" sizes=\"(max-width: 600px) 100vw, 600px\" \/><\/a><p id=\"caption-attachment-2172\" class=\"wp-caption-text\">Casta\u00f1os en la Ruta de Santa Clara:: GEOGR\u00c1FICA<\/p><\/div>\n<p>&nbsp;<\/p>\n<p><a href=\"http:\/\/www.hoy.es\/multimedia\/fotos\/ultimos\/108683-ruta-santa-clara-sierra-gata-0.html\" rel=\"external nofollow\"><strong>GALER\u00cdA DE FOTOS DE LA RUTA DE SANTA CLARA<\/strong><\/a><\/p>\n<p>En pleno <strong>coraz\u00f3n de la Sierra de Gata<\/strong>, ya lindando con la provincia de Salamanca, la <a href=\"http:\/\/www.hoy.es\/multimedia\/fotos\/ultimos\/108683-ruta-santa-clara-sierra-gata-0.html\" rel=\"external nofollow\"><strong>Ruta de Santa Clara<\/strong><\/a> recorre uno de los bosques de casta\u00f1os m\u00e1s grandes de Espa\u00f1a, con ejemplares verdaderamente incre\u00edbles. El oto\u00f1o es la mejor \u00e9poca para visitar estos bosques, que se ti\u00f1en de tonos dorados para ofrecernos una paleta crom\u00e1tica absolutamente maravillosa. Es la propuesta para el pr\u00f3ximo fin de semana de<strong> <a href=\"http:\/\/www.asociaciongeografica.com\/\" rel=\"external nofollow\">Asociaci\u00f3n Geogr\u00e1fica<\/a><\/strong><a href=\"http:\/\/www.asociaciongeografica.com\/\" rel=\"external nofollow\">.<\/a><\/p>\n<p>&nbsp;<\/p>\n<p>&nbsp;<\/p>\n<p>M\u00e1s informaci\u00f3n en la web del club o en su <a href=\"https:\/\/www.facebook.com\/AsociacionGeografica?fref=ts\" rel=\"external nofollow\"><strong>perfil de Facebook<\/strong><\/a>.<\/p>\n<p>&nbsp;<\/p>\n<table cellspacing=\"0\" cellpadding=\"0\">\n<tbody>\n<tr>\n<td>Tel\u00e9fono<\/td>\n<td>924 27 85 61<\/td>\n<\/tr>\n<tr>\n<td>Direcci\u00f3n de correo electr\u00f3nico<\/td>\n<td><a href=\"mailto:infogeografica@gmail.com\">infogeografica@gmail.com<\/a><\/td>\n<\/tr>\n<\/tbody>\n<\/table>\n<!-- AddThis Advanced Settings generic via filter on the_content --><!-- AddThis Share Buttons generic via filter on the_content -->","protected":false},"excerpt":{"rendered":"<p>&nbsp; GALER\u00cdA DE FOTOS DE LA RUTA DE SANTA CLARA En pleno coraz\u00f3n de la Sierra de Gata, ya lindando con la provincia de Salamanca, la Ruta de Santa Clara recorre uno de los bosques de casta\u00f1os m\u00e1s grandes de Espa\u00f1a, con ejemplares verdaderamente incre\u00edbles. El oto\u00f1o es la mejor \u00e9poca para visitar estos bosques, [&hellip;]<!-- AddThis Advanced Settings generic via filter on get_the_excerpt --><!-- AddThis Share Buttons generic via filter on get_the_excerpt --><\/p>\n","protected":false},"author":27,"featured_media":0,"comment_status":"open","ping_status":"closed","sticky":false,"template":"","format":"standard","meta":[],"categories":[4],"tags":[836,917,944,1035],"_links":{"self":[{"href":"https:\/\/blogs.hoy.es\/senderosextremadura\/wp-json\/wp\/v2\/posts\/2170"}],"collection":[{"href":"https:\/\/blogs.hoy.es\/senderosextremadura\/wp-json\/wp\/v2\/posts"}],"about":[{"href":"https:\/\/blogs.hoy.es\/senderosextremadura\/wp-json\/wp\/v2\/types\/post"}],"author":[{"embeddable":true,"href":"https:\/\/blogs.hoy.es\/senderosextremadura\/wp-json\/wp\/v2\/users\/27"}],"replies":[{"embeddable":true,"href":"https:\/\/blogs.hoy.es\/senderosextremadura\/wp-json\/wp\/v2\/comments?post=2170"}],"version-history":[{"count":0,"href":"https:\/\/blogs.hoy.es\/senderosextremadura\/wp-json\/wp\/v2\/posts\/2170\/revisions"}],"wp:attachment":[{"href":"https:\/\/blogs.hoy.es\/senderosextremadura\/wp-json\/wp\/v2\/media?parent=2170"}],"wp:term":[{"taxonomy":"category","embeddable":true,"href":"https:\/\/blogs.hoy.es\/senderosextremadura\/wp-json\/wp\/v2\/categories?post=2170"},{"taxonomy":"post_tag","embeddable":true,"href":"https:\/\/blogs.hoy.es\/senderosextremadura\/wp-json\/wp\/v2\/tags?post=2170"}],"curies":[{"name":"wp","href":"https:\/\/api.w.org\/{rel}","templated":true}]}}