{"id":2179,"date":"2013-11-06T12:53:27","date_gmt":"2013-11-06T12:53:27","guid":{"rendered":"http:\/\/blogs.hoy.es\/senderosextremadura\/?p=2179"},"modified":"2013-11-06T12:53:27","modified_gmt":"2013-11-06T12:53:27","slug":"andariegos-coseranos-recorreran-la-ruta-de-los-pilones-17-de-noviembre","status":"publish","type":"post","link":"https:\/\/blogs.hoy.es\/senderosextremadura\/2013\/11\/06\/andariegos-coseranos-recorreran-la-ruta-de-los-pilones-17-de-noviembre\/","title":{"rendered":"Andariegos Coseranos recorrer\u00e1n la Ruta de los Pilones (17 de noviembre)"},"content":{"rendered":"<p>El grupo senderista <a href=\"https:\/\/www.facebook.com\/andariegos.coseranos\" rel=\"external nofollow\"><strong>Andariegos Coseranos<\/strong><\/a> de La Codosera (Badajoz) ha programado para el 17 de noviembre la Ruta Los Pilones, en el Valle del Jerte, dentro de la Reserva Natural <strong>Garganta de Los Infiernos<\/strong>. La salida desde la localidad pacense se efectuar\u00e1 a las siete de la ma\u00f1ana, desde el ayuntamiento.<\/p>\n<p>INSCRIPCI\u00d3N OBLIGATORIA antes del 8 de noviembre, en la Zapater\u00eda de La Codosera (Quini)<br \/>\nPrecio: 10 euros (pago del transporte en bus par aun grupo de 50 personas, seg\u00fan el n\u00famero de participantes ser\u00e1 algo m\u00e1s o menos.) \u2014 con <a href=\"https:\/\/www.facebook.com\/ayuntamiento.lacodosera\" data-tag=\"100003848081675\" data-hovercard=\"\/ajax\/hovercard\/hovercard.php?id=100003848081675&#038;type=mediatag&#038;media_info=6.670323506311066\" data-hovercard-instant=\"1\" rel=\"external nofollow\">Ayuntamiento La Codosera<\/a> y <a href=\"https:\/\/www.facebook.com\/andariegos.coseranos\" data-tag=\"100001259556905\" data-hovercard=\"\/ajax\/hovercard\/hovercard.php?id=100001259556905&#038;type=mediatag&#038;media_info=6.670323506311066\" data-hovercard-instant=\"1\" rel=\"external nofollow\">Andariegos Coseranos<\/a>.<\/p>\n<p>&nbsp;<\/p>\n<p><a href=\"https:\/\/blogs.hoy.es\/senderosextremadura\/2013\/11\/06\/andariegos-coseranos-recorreran-la-ruta-de-los-pilones-17-de-noviembre\/pilones_n\/\" rel=\"attachment wp-att-2180\"><img loading=\"lazy\" class=\"aligncenter  wp-image-2180\" title=\"\" src=\"\/senderosextremadura\/wp-content\/uploads\/sites\/22\/2013\/11\/pilones_n.jpg\" alt=\"\" width=\"596\" height=\"847\" srcset=\"https:\/\/static-blogs.hoy.es\/wp-content\/uploads\/sites\/22\/2013\/11\/pilones_n.jpg 675w, https:\/\/static-blogs.hoy.es\/wp-content\/uploads\/sites\/22\/2013\/11\/pilones_n-211x300.jpg 211w, https:\/\/static-blogs.hoy.es\/wp-content\/uploads\/sites\/22\/2013\/11\/pilones_n-600x853.jpg 600w\" sizes=\"(max-width: 596px) 100vw, 596px\" \/><\/a><\/p>\n<!-- AddThis Advanced Settings generic via filter on the_content --><!-- AddThis Share Buttons generic via filter on the_content -->","protected":false},"excerpt":{"rendered":"<p>El grupo senderista Andariegos Coseranos de La Codosera (Badajoz) ha programado para el 17 de noviembre la Ruta Los Pilones, en el Valle del Jerte, dentro de la Reserva Natural Garganta de Los Infiernos. La salida desde la localidad pacense se efectuar\u00e1 a las siete de la ma\u00f1ana, desde el ayuntamiento. INSCRIPCI\u00d3N OBLIGATORIA antes del [&hellip;]<!-- AddThis Advanced Settings generic via filter on get_the_excerpt --><!-- AddThis Share Buttons generic via filter on get_the_excerpt --><\/p>\n","protected":false},"author":27,"featured_media":0,"comment_status":"open","ping_status":"closed","sticky":false,"template":"","format":"standard","meta":[],"categories":[4],"tags":[737,833,836,873,945,1035],"_links":{"self":[{"href":"https:\/\/blogs.hoy.es\/senderosextremadura\/wp-json\/wp\/v2\/posts\/2179"}],"collection":[{"href":"https:\/\/blogs.hoy.es\/senderosextremadura\/wp-json\/wp\/v2\/posts"}],"about":[{"href":"https:\/\/blogs.hoy.es\/senderosextremadura\/wp-json\/wp\/v2\/types\/post"}],"author":[{"embeddable":true,"href":"https:\/\/blogs.hoy.es\/senderosextremadura\/wp-json\/wp\/v2\/users\/27"}],"replies":[{"embeddable":true,"href":"https:\/\/blogs.hoy.es\/senderosextremadura\/wp-json\/wp\/v2\/comments?post=2179"}],"version-history":[{"count":0,"href":"https:\/\/blogs.hoy.es\/senderosextremadura\/wp-json\/wp\/v2\/posts\/2179\/revisions"}],"wp:attachment":[{"href":"https:\/\/blogs.hoy.es\/senderosextremadura\/wp-json\/wp\/v2\/media?parent=2179"}],"wp:term":[{"taxonomy":"category","embeddable":true,"href":"https:\/\/blogs.hoy.es\/senderosextremadura\/wp-json\/wp\/v2\/categories?post=2179"},{"taxonomy":"post_tag","embeddable":true,"href":"https:\/\/blogs.hoy.es\/senderosextremadura\/wp-json\/wp\/v2\/tags?post=2179"}],"curies":[{"name":"wp","href":"https:\/\/api.w.org\/{rel}","templated":true}]}}