{"id":2182,"date":"2013-11-06T13:11:53","date_gmt":"2013-11-06T13:11:53","guid":{"rendered":"http:\/\/blogs.hoy.es\/senderosextremadura\/?p=2182"},"modified":"2013-11-06T13:11:53","modified_gmt":"2013-11-06T13:11:53","slug":"recorrido-por-20-rincones-historicos-de-monsaraz-10-de-noviembre","status":"publish","type":"post","link":"https:\/\/blogs.hoy.es\/senderosextremadura\/2013\/11\/06\/recorrido-por-20-rincones-historicos-de-monsaraz-10-de-noviembre\/","title":{"rendered":"Recorrido por 20 rincones hist\u00f3ricos de Monsaraz (10 de noviembre)"},"content":{"rendered":"<div id=\"attachment_2183\" style=\"width: 610px\" class=\"wp-caption aligncenter\"><img aria-describedby=\"caption-attachment-2183\" loading=\"lazy\" class=\"size-large wp-image-2183\" title=\"\" src=\"\/senderosextremadura\/wp-content\/uploads\/sites\/22\/2013\/11\/monsaraz.jpg\" alt=\"\" width=\"600\" height=\"450\" srcset=\"https:\/\/static-blogs.hoy.es\/wp-content\/uploads\/sites\/22\/2013\/11\/monsaraz.jpg 960w, https:\/\/static-blogs.hoy.es\/wp-content\/uploads\/sites\/22\/2013\/11\/monsaraz-300x225.jpg 300w, https:\/\/static-blogs.hoy.es\/wp-content\/uploads\/sites\/22\/2013\/11\/monsaraz-768x576.jpg 768w, https:\/\/static-blogs.hoy.es\/wp-content\/uploads\/sites\/22\/2013\/11\/monsaraz-600x450.jpg 600w\" sizes=\"(max-width: 600px) 100vw, 600px\" \/><p id=\"caption-attachment-2183\" class=\"wp-caption-text\">Vistas de Monsaraz:: ASOCIACI\u00d3N PROYECTO RAYA ALENTEJANA<\/p><\/div>\n<p>La <strong>asociaci\u00f3n portuguesa Projecto Raia Alentejana<\/strong> ha organizado una ruta senderista y cultural para el pr\u00f3ximo <strong>10 de noviembre<\/strong>. La marcha de <strong>7 kil\u00f3metros<\/strong> es gratuita. Comenzar\u00e1 a las nueve de la ma\u00f1ana -hora local- en la primera rotonda de Monsaraz, punto de encuentro para los caminantes. En el recorrido, de dificultad baja,\u00a0 se podr\u00e1n conocer m\u00e1s de veinte puntos de inter\u00e9s en las proximidades de la localidad alentejana. Una marcha para comprobar que Monsaraz (977\u00a0habitantes) es <strong>mucho m\u00e1s que una localidad amurallada.<\/strong><\/p>\n<p>&nbsp;<\/p>\n<p><strong>PUNTOS DE INTER\u00c9S<\/strong><\/p>\n<p>1 \u2013 Inicio<br \/>\n2 \u2013 Fortaleza medieval\u00a0 de la Vila de Monsaraz<br \/>\n3 \u2013 Ermita de S. L\u00e1zaro, s. XIV<br \/>\n4 \u2013 Ermita de Santa Catarina, s. XII<br \/>\n5 \u2013 Cromeleque do Xerez<br \/>\n6 \u2013 Convento de Orada, s. XVIII,<br \/>\n7 \u2013 Puente medieval dos Frades<br \/>\n8 \u2013 Menhir de Belhoa<br \/>\n9 \u2013 Puente real.<br \/>\n10 \u2013 Olivares centenarios.<br \/>\n11 \u2013 Jogo do Alquerque, Medieval-Moderno<br \/>\n12 \u2013 Aldeia do Telheiro<br \/>\n13 \u2013 Lagar do Telheiro<br \/>\n14 \u2013 Fonte do Telheiro, s. XVII<br \/>\n15 \u2013 Dep\u00f3sito municipal<br \/>\n16 \u2013 Caminos medievales<br \/>\n17 \u2013 Vistas<br \/>\n18 \u2013 Sepulturas medievales escavadas en la roca<br \/>\n19 \u2013 Ermita de S. Bento, s. XVI<br \/>\n20 \u2013 Fortalezas abualartadas del s. XVII<br \/>\n21 \u2013 Casa do Judeu, buraco para inserir a Mezuzah<\/p>\n<!-- AddThis Advanced Settings generic via filter on the_content --><!-- AddThis Share Buttons generic via filter on the_content -->","protected":false},"excerpt":{"rendered":"<p>La asociaci\u00f3n portuguesa Projecto Raia Alentejana ha organizado una ruta senderista y cultural para el pr\u00f3ximo 10 de noviembre. La marcha de 7 kil\u00f3metros es gratuita. Comenzar\u00e1 a las nueve de la ma\u00f1ana -hora local- en la primera rotonda de Monsaraz, punto de encuentro para los caminantes. En el recorrido, de dificultad baja,\u00a0 se podr\u00e1n [&hellip;]<!-- AddThis Advanced Settings generic via filter on get_the_excerpt --><!-- AddThis Share Buttons generic via filter on get_the_excerpt --><\/p>\n","protected":false},"author":27,"featured_media":0,"comment_status":"open","ping_status":"closed","sticky":false,"template":"","format":"standard","meta":[],"categories":[4],"tags":[],"_links":{"self":[{"href":"https:\/\/blogs.hoy.es\/senderosextremadura\/wp-json\/wp\/v2\/posts\/2182"}],"collection":[{"href":"https:\/\/blogs.hoy.es\/senderosextremadura\/wp-json\/wp\/v2\/posts"}],"about":[{"href":"https:\/\/blogs.hoy.es\/senderosextremadura\/wp-json\/wp\/v2\/types\/post"}],"author":[{"embeddable":true,"href":"https:\/\/blogs.hoy.es\/senderosextremadura\/wp-json\/wp\/v2\/users\/27"}],"replies":[{"embeddable":true,"href":"https:\/\/blogs.hoy.es\/senderosextremadura\/wp-json\/wp\/v2\/comments?post=2182"}],"version-history":[{"count":0,"href":"https:\/\/blogs.hoy.es\/senderosextremadura\/wp-json\/wp\/v2\/posts\/2182\/revisions"}],"wp:attachment":[{"href":"https:\/\/blogs.hoy.es\/senderosextremadura\/wp-json\/wp\/v2\/media?parent=2182"}],"wp:term":[{"taxonomy":"category","embeddable":true,"href":"https:\/\/blogs.hoy.es\/senderosextremadura\/wp-json\/wp\/v2\/categories?post=2182"},{"taxonomy":"post_tag","embeddable":true,"href":"https:\/\/blogs.hoy.es\/senderosextremadura\/wp-json\/wp\/v2\/tags?post=2182"}],"curies":[{"name":"wp","href":"https:\/\/api.w.org\/{rel}","templated":true}]}}