{"id":22,"date":"2012-02-23T16:49:34","date_gmt":"2012-02-23T16:49:34","guid":{"rendered":"http:\/\/blogs.hoy.es\/senderosextremadura\/?p=22"},"modified":"2012-02-23T16:49:34","modified_gmt":"2012-02-23T16:49:34","slug":"calendario-del-circuito-extremeno-de-rutas-senderistas","status":"publish","type":"post","link":"https:\/\/blogs.hoy.es\/senderosextremadura\/2012\/02\/23\/calendario-del-circuito-extremeno-de-rutas-senderistas\/","title":{"rendered":"Calendario del Circuito Extreme\u00f1o de Rutas Senderistas 2012"},"content":{"rendered":"<p><strong><a href=\"http:\/\/www.fexme.com\/portal\/LinkClick.aspx?fileticket=5s60H%2bfwwMc%3d&#038;tabid=58\" target=\"_blank\" rel=\"external nofollow\"><strong>PASAPORTE SENDERISTA<\/strong><\/a><\/strong><\/p>\n<p>Puedes conseguir el <strong>pasaporte del senderista en Extremadura<\/strong>\u00a0 (o llevarlo ya impreso) en alguna de las pruebas y ll\u00e9valo al resto de rutas para su sellado. De esta manera podr\u00e1s acceder a los premios finales del Circuito Extreme\u00f1o de Rutas Senderistas.<\/p>\n<p><strong>PARTICIPA: Env\u00edanos tu ruta a <a href=\"mailto:senderismoextremadurahoy@gmail.com\" target=\"_blank\">senderismoextremadurahoy@gmail.com<\/a><\/strong><\/p>\n<p>&nbsp;<\/p>\n<p><a href=\"\/senderosextremadura\/wp-content\/uploads\/sites\/22\/2012\/02\/calendario1.jpg\"><img loading=\"lazy\" class=\"alignleft size-large wp-image-26\" title=\"calendario\" src=\"\/senderosextremadura\/wp-content\/uploads\/sites\/22\/2012\/02\/calendario1.jpg\" alt=\"\" width=\"857\" height=\"1024\" \/><\/a><\/p>\n<!-- AddThis Advanced Settings generic via filter on the_content --><!-- AddThis Share Buttons generic via filter on the_content -->","protected":false},"excerpt":{"rendered":"<p>PASAPORTE SENDERISTA Puedes conseguir el pasaporte del senderista en Extremadura\u00a0 (o llevarlo ya impreso) en alguna de las pruebas y ll\u00e9valo al resto de rutas para su sellado. De esta manera podr\u00e1s acceder a los premios finales del Circuito Extreme\u00f1o de Rutas Senderistas. PARTICIPA: Env\u00edanos tu ruta a senderismoextremadurahoy@gmail.com &nbsp;<!-- AddThis Advanced Settings generic via filter on get_the_excerpt --><!-- AddThis Share Buttons generic via filter on get_the_excerpt --><\/p>\n","protected":false},"author":27,"featured_media":0,"comment_status":"open","ping_status":"closed","sticky":false,"template":"","format":"standard","meta":[],"categories":[3],"tags":[],"_links":{"self":[{"href":"https:\/\/blogs.hoy.es\/senderosextremadura\/wp-json\/wp\/v2\/posts\/22"}],"collection":[{"href":"https:\/\/blogs.hoy.es\/senderosextremadura\/wp-json\/wp\/v2\/posts"}],"about":[{"href":"https:\/\/blogs.hoy.es\/senderosextremadura\/wp-json\/wp\/v2\/types\/post"}],"author":[{"embeddable":true,"href":"https:\/\/blogs.hoy.es\/senderosextremadura\/wp-json\/wp\/v2\/users\/27"}],"replies":[{"embeddable":true,"href":"https:\/\/blogs.hoy.es\/senderosextremadura\/wp-json\/wp\/v2\/comments?post=22"}],"version-history":[{"count":0,"href":"https:\/\/blogs.hoy.es\/senderosextremadura\/wp-json\/wp\/v2\/posts\/22\/revisions"}],"wp:attachment":[{"href":"https:\/\/blogs.hoy.es\/senderosextremadura\/wp-json\/wp\/v2\/media?parent=22"}],"wp:term":[{"taxonomy":"category","embeddable":true,"href":"https:\/\/blogs.hoy.es\/senderosextremadura\/wp-json\/wp\/v2\/categories?post=22"},{"taxonomy":"post_tag","embeddable":true,"href":"https:\/\/blogs.hoy.es\/senderosextremadura\/wp-json\/wp\/v2\/tags?post=22"}],"curies":[{"name":"wp","href":"https:\/\/api.w.org\/{rel}","templated":true}]}}