{"id":2200,"date":"2013-11-12T09:34:53","date_gmt":"2013-11-12T09:34:53","guid":{"rendered":"http:\/\/blogs.hoy.es\/senderosextremadura\/?p=2200"},"modified":"2013-11-12T09:34:53","modified_gmt":"2013-11-12T09:34:53","slug":"de-alia-a-guadalupe-en-el-corazon-de-las-villuercas-24-de-noviembre","status":"publish","type":"post","link":"https:\/\/blogs.hoy.es\/senderosextremadura\/2013\/11\/12\/de-alia-a-guadalupe-en-el-corazon-de-las-villuercas-24-de-noviembre\/","title":{"rendered":"De Al\u00eda a Guadalupe, en el coraz\u00f3n de Las Villuercas (24 de noviembre)"},"content":{"rendered":"<div>\u00a0<a href=\"https:\/\/blogs.hoy.es\/senderosextremadura\/2013\/11\/12\/de-alia-a-guadalupe-en-el-corazon-de-las-villuercas-24-de-noviembre\/guadalupe-4\/\" rel=\"attachment wp-att-2204\"><img loading=\"lazy\" class=\"aligncenter  wp-image-2204\" title=\"\" src=\"\/senderosextremadura\/wp-content\/uploads\/sites\/22\/2013\/11\/guadalupe.jpg\" alt=\"\" width=\"515\" height=\"386\" srcset=\"https:\/\/static-blogs.hoy.es\/wp-content\/uploads\/sites\/22\/2013\/11\/guadalupe.jpg 720w, https:\/\/static-blogs.hoy.es\/wp-content\/uploads\/sites\/22\/2013\/11\/guadalupe-300x225.jpg 300w, https:\/\/static-blogs.hoy.es\/wp-content\/uploads\/sites\/22\/2013\/11\/guadalupe-600x450.jpg 600w\" sizes=\"(max-width: 515px) 100vw, 515px\" \/><\/a><\/div>\n<div><\/div>\n<div><\/div>\n<div>El 24 de noviembre, la <strong>Asociaci\u00f3n Monta\u00f1eros Vegas Altas<\/strong> realizar\u00e1 una ruta por el coraz\u00f3n de <strong>Las Villuercas<\/strong> extreme\u00f1as. Se trata de una marcha de <strong>18 kil\u00f3metros entre Al\u00eda y Guadalupe<\/strong>.<\/div>\n<div><!--more--><\/div>\n<div><\/div>\n<div>En esta ruta atravesaremos zonas protegidas tan importantes como la <strong>ZEPA Sierra de las Villuercas y Valle del Guarranque<\/strong>, donde las grandes masas de bosque caducifolio compuesto de roble melojo y casta\u00f1o dan cobijo a numerosas especies forestales como abejeros europeos, gavilanes, azores, reyezuelos listados, torcecuellos, picapinos o trepadores azules. A los que se suman especies vinculadas al bosque mediterr\u00e1neo y a riscos y cantiles como el estrecho de la Pe\u00f1a, donde resulta f\u00e1cil observar cig\u00fce\u00f1as negras, \u00e1guilas reales y perdiceras, alimoches y buitres leonados. Completando el elenco de \u00e1reas protegidas afectadas por este <strong>Camino de la Jara<\/strong>, nos toparemos con el <strong>Corredor Ecol\u00f3gico y de Biodiversidad del r\u00edo Guadalupejo<\/strong>, que act\u00faa como enlace natural entre las Villuercas y Puerto Pe\u00f1a y la sierra de los Golondrinos. En este espacio marcado por el agua que aportan a la cuenca del Guadiana las laderas sure\u00f1as de la sierra de las Villuercas, franqueado por un <strong>bosque de galer\u00eda<\/strong> en excelente estado de conservaci\u00f3n, abundan mam\u00edferos como la nutria, comadrejas, musara\u00f1as o gatos monteses, adem\u00e1s de numerosas especies de rapaces y de aves acu\u00e1ticas.<\/div>\n<div><\/div>\n<div>\n<div id=\"attachment_2220\" style=\"width: 469px\" class=\"wp-caption alignright\"><a href=\"https:\/\/blogs.hoy.es\/senderosextremadura\/\"><img aria-describedby=\"caption-attachment-2220\" loading=\"lazy\" class=\" wp-image-2220\" title=\"\" src=\"\/senderosextremadura\/wp-content\/uploads\/sites\/22\/2013\/11\/860952_600706419994386_261169913_o.jpg\" alt=\"\" width=\"459\" height=\"323\" srcset=\"https:\/\/static-blogs.hoy.es\/wp-content\/uploads\/sites\/22\/2013\/11\/860952_600706419994386_261169913_o.jpg 2048w, https:\/\/static-blogs.hoy.es\/wp-content\/uploads\/sites\/22\/2013\/11\/860952_600706419994386_261169913_o-300x212.jpg 300w, https:\/\/static-blogs.hoy.es\/wp-content\/uploads\/sites\/22\/2013\/11\/860952_600706419994386_261169913_o-600x424.jpg 600w\" sizes=\"(max-width: 459px) 100vw, 459px\" \/><\/a><p id=\"caption-attachment-2220\" class=\"wp-caption-text\">Recorrido de la ruta<\/p><\/div>\n<\/div>\n<p><strong>Salidas:<\/strong><br \/>\n8:00 desde piscina municipal de Villanueva dela Serena<br \/>\n8:15 desde estaci\u00f3n de autobuses de Don Benito<\/p>\n<p><strong>Distancia: 18km<\/strong><br \/>\nDesnivel: 400m<br \/>\nDuraci\u00f3n: 6 horas<br \/>\nDificultad: Media &#8211; baja<\/p>\n<p><strong>Precio:<\/strong><br \/>\nSocios: 12,00 euros.<br \/>\nNo socios: 17,00 euros.<br \/>\nIngresad antes del jueves 21 en la cuenta de la asociaci\u00f3n:<br \/>\nOpenbank (Banco Santander)<br \/>\n0073\/0100\/56\/0486591460<\/p>\n<p>&nbsp;<\/p>\n<p>M\u00e1s informaci\u00f3n, en el <a href=\"https:\/\/www.facebook.com\/montanerosvegasaltas.asociacion\" rel=\"external nofollow\"><strong>perfil de Facebook del club<\/strong><\/a><\/p>\n<ul>\n<li>C\/ Rep\u00fablica argentina, 15<\/li>\n<li>06400 Don Benito<\/li>\n<\/ul>\n<!-- AddThis Advanced Settings generic via filter on the_content --><!-- AddThis Share Buttons generic via filter on the_content -->","protected":false},"excerpt":{"rendered":"<p>\u00a0 El 24 de noviembre, la Asociaci\u00f3n Monta\u00f1eros Vegas Altas realizar\u00e1 una ruta por el coraz\u00f3n de Las Villuercas extreme\u00f1as. Se trata de una marcha de 18 kil\u00f3metros entre Al\u00eda y Guadalupe.<!-- AddThis Advanced Settings generic via filter on get_the_excerpt --><!-- AddThis Share Buttons generic via filter on get_the_excerpt --><\/p>\n","protected":false},"author":27,"featured_media":0,"comment_status":"open","ping_status":"closed","sticky":false,"template":"","format":"standard","meta":[],"categories":[4],"tags":[31,364,525,836,840,858],"_links":{"self":[{"href":"https:\/\/blogs.hoy.es\/senderosextremadura\/wp-json\/wp\/v2\/posts\/2200"}],"collection":[{"href":"https:\/\/blogs.hoy.es\/senderosextremadura\/wp-json\/wp\/v2\/posts"}],"about":[{"href":"https:\/\/blogs.hoy.es\/senderosextremadura\/wp-json\/wp\/v2\/types\/post"}],"author":[{"embeddable":true,"href":"https:\/\/blogs.hoy.es\/senderosextremadura\/wp-json\/wp\/v2\/users\/27"}],"replies":[{"embeddable":true,"href":"https:\/\/blogs.hoy.es\/senderosextremadura\/wp-json\/wp\/v2\/comments?post=2200"}],"version-history":[{"count":0,"href":"https:\/\/blogs.hoy.es\/senderosextremadura\/wp-json\/wp\/v2\/posts\/2200\/revisions"}],"wp:attachment":[{"href":"https:\/\/blogs.hoy.es\/senderosextremadura\/wp-json\/wp\/v2\/media?parent=2200"}],"wp:term":[{"taxonomy":"category","embeddable":true,"href":"https:\/\/blogs.hoy.es\/senderosextremadura\/wp-json\/wp\/v2\/categories?post=2200"},{"taxonomy":"post_tag","embeddable":true,"href":"https:\/\/blogs.hoy.es\/senderosextremadura\/wp-json\/wp\/v2\/tags?post=2200"}],"curies":[{"name":"wp","href":"https:\/\/api.w.org\/{rel}","templated":true}]}}