{"id":2206,"date":"2013-11-12T15:33:19","date_gmt":"2013-11-12T15:33:19","guid":{"rendered":"http:\/\/blogs.hoy.es\/senderosextremadura\/?p=2206"},"modified":"2013-11-12T15:33:19","modified_gmt":"2013-11-12T15:33:19","slug":"ermita-del-salor-mudejar-en-medio-de-la-dehesa","status":"publish","type":"post","link":"https:\/\/blogs.hoy.es\/senderosextremadura\/2013\/11\/12\/ermita-del-salor-mudejar-en-medio-de-la-dehesa\/","title":{"rendered":"Ermita del Salor, mud\u00e9jar en medio de la dehesa"},"content":{"rendered":"<div id=\"attachment_2214\" style=\"width: 610px\" class=\"wp-caption aligncenter\"><a href=\"http:\/\/www.hoy.es\/multimedia\/fotos\/regional\/20131112\/ruta-torrequemada-hasta-ermita-3063714921662-mm.html\" rel=\"external nofollow\"><img aria-describedby=\"caption-attachment-2214\" loading=\"lazy\" class=\"size-large wp-image-2214\" title=\"\" src=\"\/senderosextremadura\/wp-content\/uploads\/sites\/22\/2013\/11\/ruta6_n.jpg\" alt=\"\" width=\"600\" height=\"400\" srcset=\"https:\/\/static-blogs.hoy.es\/wp-content\/uploads\/sites\/22\/2013\/11\/ruta6_n.jpg 960w, https:\/\/static-blogs.hoy.es\/wp-content\/uploads\/sites\/22\/2013\/11\/ruta6_n-300x200.jpg 300w, https:\/\/static-blogs.hoy.es\/wp-content\/uploads\/sites\/22\/2013\/11\/ruta6_n-768x512.jpg 768w, https:\/\/static-blogs.hoy.es\/wp-content\/uploads\/sites\/22\/2013\/11\/ruta6_n-600x400.jpg 600w\" sizes=\"(max-width: 600px) 100vw, 600px\" \/><\/a><p id=\"caption-attachment-2214\" class=\"wp-caption-text\">Puente pr\u00f3ximo a la ermita:: J.A. NAHARRO<\/p><\/div>\n<p><a href=\"http:\/\/www.hoy.es\/multimedia\/fotos\/regional\/20131112\/ruta-torrequemada-hasta-ermita-3063714921662-mm.html\" rel=\"external nofollow\"><strong>VER GALER\u00cdA CON TODAS LAS FOTOS DE LA RUTA<\/strong><\/a><\/p>\n<p>Conocer el gran patrimonio cultural de <strong><a href=\"http:\/\/es.wikipedia.org\/wiki\/Torrequemada\" rel=\"external nofollow\">Torrequemada<\/a><\/strong>, un peque\u00f1o pueblo cacere\u00f1o, de apenas seiscientos habitantes, enclavado en los <strong>Llanos de C\u00e1ceres<\/strong> era el objetivo con el que partimos de Badajoz el pasado dos de noviembre. En la Plaza del Reloj nos esperaba Paquita, la alcaldesa de la localidad, que improvis\u00f3 una peque\u00f1a ruta por la dehesa boyal. <!--more--><\/p>\n<h3 data-ft=\"{\"type\":1,\"tn\":\"K\"}\"><\/h3>\n<div id=\"attachment_2210\" style=\"width: 382px\" class=\"wp-caption alignright\"><img aria-describedby=\"caption-attachment-2210\" loading=\"lazy\" class=\" wp-image-2210\" title=\"\" src=\"\/senderosextremadura\/wp-content\/uploads\/sites\/22\/2013\/11\/1461716_595232747191495_725083461_n1.jpg\" alt=\"\" width=\"372\" height=\"495\" srcset=\"https:\/\/static-blogs.hoy.es\/wp-content\/uploads\/sites\/22\/2013\/11\/1461716_595232747191495_725083461_n1.jpg 720w, https:\/\/static-blogs.hoy.es\/wp-content\/uploads\/sites\/22\/2013\/11\/1461716_595232747191495_725083461_n1-225x300.jpg 225w, https:\/\/static-blogs.hoy.es\/wp-content\/uploads\/sites\/22\/2013\/11\/1461716_595232747191495_725083461_n1-600x800.jpg 600w\" sizes=\"(max-width: 372px) 100vw, 372px\" \/><p id=\"caption-attachment-2210\" class=\"wp-caption-text\">Interior de la ermita:: ARQUEONATUREX<\/p><\/div>\n<h3 data-ft=\"{\"type\":1,\"tn\":\"K\"}\">Nuestra primera parada fue en la casa de Mar\u00eda Jes\u00fas, la guardiana de los templos del pueblo, que nos confi\u00f3 la llave de la ermita del Nuestra Se\u00f1ora Del Salor, el principal objetivo de la ruta. Continuamos por la Charca de Arriba hasta las zahurdas llamadas aqu\u00ed corralas. Construidas con granito se conservan diseminadas por la dehesa, como representantes de la identidad del pueblo. El d\u00eda est\u00e1 muy luminoso y la dehesa luce muy bella salpicada por enormes piedras de granito, algunas con formas enrevesadas que sin duda ha esculpido la lluvia.<br \/>\nSeguimos nuestra andadura por la Ribera del Salor, cruzando el r\u00edo por un antiguo vado, antes de llegar al puente del XVI, sustituto de otro m\u00e1s antiguo, quiz\u00e1s de \u00e9poca romana ya que \u00e9stas tierras pertenec\u00edan a la antigua colonia Norba.<br \/>\nSubiendo una peque\u00f1a elevaci\u00f3n se encuentra la Ermita, con un exterior muy defensivo, casi herm\u00e9tico salvo por algunas saeteras. Tiene tres puertas de acceso. La norte, con un arco apuntado, est\u00e1 decorada con \u00e1ngeles de cabellos rubios y vestimentas ondulantes que parecen revolotear alrededor de la rosca del arco. Accedemos al templo por la puerta sur, no sin antes admirar el peque\u00f1o porche que la precede. El interior es enigm\u00e1tico, el espacio se va descubriendo poco a poco a medida que la luz penetra. La primera impresi\u00f3n es la de estar en un templo musulm\u00e1n, con su espaciosa nave, escasamente iluminada, de arcos de ladrillos apuntados que tienden a la herradura, decorados unos con elementos vegetales y otros con antiguas composiciones isl\u00e1micas.<\/h3>\n<h3 data-ft=\"{\"type\":1,\"tn\":\"K\"}\">Sin embargo, sus magn\u00edficos frescos situados en los muros de la nave, con escenas de la vida de Jes\u00fas, nos sit\u00faan en una iglesia cat\u00f3lica, fundada por caballeros cacere\u00f1os de la Orden de Ntra. Sra. del Salor en 1345, que custodiaban una talla rom\u00e1nica desaparecida tras el paso de las tropas francesas por el lugar. Tumbas antropomorfas excavadas en la roca, alquerques y otros juegos de la \u00e9poca rematan la visita tras la que volveremos al pueblo para degustar su famoso cochinillo asado.<\/h3>\n<h3 data-ft=\"{\"type\":1,\"tn\":\"K\"}\">Ya por la tarde, con Mar\u00eda Jes\u00fas como gu\u00eda, visitamos la iglesia de San Esteban, de arquitectura g\u00f3tica, pasamos por el Palacio de los Duques de Abrantes y subimos a la parte m\u00e1s alta del pueblo, donde se encuentra la torre, incendiada en las guerras civiles de la Edad Media. El pueblo es tranquilo y de gentes agradables que se afanan en dar a conocer al visitante su rico patrimonio y mantener las tradiciones como la chaquet\u00eda y la posterior comida en la dehesa. Un lugar que deja prendado al visitante.<\/h3>\n<h3 data-ft=\"{\"type\":1,\"tn\":\"K\"}\">Amparo Carrasco | Arqueonaturex<\/h3>\n<!-- AddThis Advanced Settings generic via filter on the_content --><!-- AddThis Share Buttons generic via filter on the_content -->","protected":false},"excerpt":{"rendered":"<p>VER GALER\u00cdA CON TODAS LAS FOTOS DE LA RUTA Conocer el gran patrimonio cultural de Torrequemada, un peque\u00f1o pueblo cacere\u00f1o, de apenas seiscientos habitantes, enclavado en los Llanos de C\u00e1ceres era el objetivo con el que partimos de Badajoz el pasado dos de noviembre. En la Plaza del Reloj nos esperaba Paquita, la alcaldesa de [&hellip;]<!-- AddThis Advanced Settings generic via filter on get_the_excerpt --><!-- AddThis Share Buttons generic via filter on get_the_excerpt --><\/p>\n","protected":false},"author":27,"featured_media":0,"comment_status":"open","ping_status":"closed","sticky":false,"template":"","format":"standard","meta":[],"categories":[4],"tags":[290,451,836,906,1024,1035],"_links":{"self":[{"href":"https:\/\/blogs.hoy.es\/senderosextremadura\/wp-json\/wp\/v2\/posts\/2206"}],"collection":[{"href":"https:\/\/blogs.hoy.es\/senderosextremadura\/wp-json\/wp\/v2\/posts"}],"about":[{"href":"https:\/\/blogs.hoy.es\/senderosextremadura\/wp-json\/wp\/v2\/types\/post"}],"author":[{"embeddable":true,"href":"https:\/\/blogs.hoy.es\/senderosextremadura\/wp-json\/wp\/v2\/users\/27"}],"replies":[{"embeddable":true,"href":"https:\/\/blogs.hoy.es\/senderosextremadura\/wp-json\/wp\/v2\/comments?post=2206"}],"version-history":[{"count":0,"href":"https:\/\/blogs.hoy.es\/senderosextremadura\/wp-json\/wp\/v2\/posts\/2206\/revisions"}],"wp:attachment":[{"href":"https:\/\/blogs.hoy.es\/senderosextremadura\/wp-json\/wp\/v2\/media?parent=2206"}],"wp:term":[{"taxonomy":"category","embeddable":true,"href":"https:\/\/blogs.hoy.es\/senderosextremadura\/wp-json\/wp\/v2\/categories?post=2206"},{"taxonomy":"post_tag","embeddable":true,"href":"https:\/\/blogs.hoy.es\/senderosextremadura\/wp-json\/wp\/v2\/tags?post=2206"}],"curies":[{"name":"wp","href":"https:\/\/api.w.org\/{rel}","templated":true}]}}