{"id":2211,"date":"2013-11-12T16:51:39","date_gmt":"2013-11-12T16:51:39","guid":{"rendered":"http:\/\/blogs.hoy.es\/senderosextremadura\/?p=2211"},"modified":"2013-11-12T16:51:39","modified_gmt":"2013-11-12T16:51:39","slug":"los-bosques-del-ambroz-esperan-a-mil-senderistas-24-de-noviembre","status":"publish","type":"post","link":"https:\/\/blogs.hoy.es\/senderosextremadura\/2013\/11\/12\/los-bosques-del-ambroz-esperan-a-mil-senderistas-24-de-noviembre\/","title":{"rendered":"Los bosques del Ambroz esperan a mil senderistas (24 de noviembre)"},"content":{"rendered":"<div id=\"attachment_2213\" style=\"width: 610px\" class=\"wp-caption aligncenter\"><a href=\"https:\/\/blogs.hoy.es\/senderosextremadura\/\"><img aria-describedby=\"caption-attachment-2213\" loading=\"lazy\" class=\"size-large wp-image-2213\" title=\"\" src=\"\/senderosextremadura\/wp-content\/uploads\/sites\/22\/2013\/11\/valle.jpg\" alt=\"\" width=\"600\" height=\"449\" srcset=\"https:\/\/static-blogs.hoy.es\/wp-content\/uploads\/sites\/22\/2013\/11\/valle.jpg 619w, https:\/\/static-blogs.hoy.es\/wp-content\/uploads\/sites\/22\/2013\/11\/valle-300x225.jpg 300w, https:\/\/static-blogs.hoy.es\/wp-content\/uploads\/sites\/22\/2013\/11\/valle-600x450.jpg 600w\" sizes=\"(max-width: 600px) 100vw, 600px\" \/><\/a><p id=\"caption-attachment-2213\" class=\"wp-caption-text\">Senderistas en el Valle del Ambroz:: A.M.<\/p><\/div>\n<p>Vuelve la ruta por los <strong>Bosques del Ambroz<\/strong> en la que est\u00e1 previsto que participen unos mil senderistas. La ruta por esta bonita comarca cacere\u00f1a comienza en el pueblo m\u00e1s alto de la comarca, <strong>La Garganta<\/strong>, desde all\u00ed comenzar\u00e1 la marcha. Tras la primera subida, hay un prolongado descenso que atraviesa bosques de casta\u00f1os, paisaje de prados bordeados por caminos de herradura, la zona m\u00e1s frondosa de nuestro recorrido,hasta la llegada a Herv\u00e1s por el puente de la <strong>Fuente Chiquita,<\/strong> donde tiene lugar el primer control de paso.<!--more--><\/p>\n<p>Seguimos hacia <strong>Gargantilla<\/strong>, atravesando el <strong>Puente del Monte,<\/strong> y tras un peque\u00f1o tramo de carretera nos adentramos en el Casta\u00f1ar Gallego y en el Casta\u00f1ar del Duque, para arribar a la parte alta de Gargantilla. All\u00ed se realizar\u00e1 el segundo control de paso,\u00a0 a la salida del pueblo, junto al puente que atraviesa la <strong>Garganta Buitrera<\/strong>.<\/p>\n<p>El \u00faltimo tramo comienza entre <strong>huertos de cerezos y ciruelo<\/strong>, y contin\u00faa por una paisaje t\u00edpico de dehesa, la llegada a Segura de Toro es espectacular, con la silueta de la torre y los restos del castillo templario recort\u00e1ndose hacia la puesta de sol.\u00a0 All\u00ed se efect\u00faa el control de llegada, y en el \u00faltimo esfuerzo atravesamos el puento junto a su piscina natural, camino de la plaza, vigilada por su Toro Celta, donde tiene lugar el fin de fiesta con una degustaci\u00f3n de churros y chocolate y animaci\u00f3n.<\/p>\n<p>Finalmente comienza el regreso organizado junto a la carretera por la que hemos llegado.<br \/>\n&#8212;&#8212;&#8212;&#8212;&#8212;&#8212;&#8212;&#8212;&#8212;&#8212;&#8212;&#8212;&#8212;&#8212;&#8212;&#8212;&#8212;&#8212;&#8212;&#8212;&#8212;&#8212;&#8212;&#8212;&#8212;&#8212;&#8212;&#8212;&#8212;&#8212;&#8212;<\/p>\n<p>La inscripci\u00f3n tiene un coste de 5 euros, y da derecho a autob\u00fas de ida y\/o de regreso al pueblo de salida. Este a\u00f1o la inscripci\u00f3n solo se puede realizar por internet. En el proceso de inscripci\u00f3n te preguntaremos si necesitas autob\u00fas para subir a La Garganta y d\u00f3nde lo coger\u00e1s, e igualmente si necesitas autob\u00fas de regreso desde Segura de Toro hasta el pueblo que nos indiques.<\/p>\n<p>Cuando hayas realizado la inscripci\u00f3n puedes comprobar que est\u00e1s bien inscrito en el listado de participantes: comprobar inscripci\u00f3n.<\/p>\n<p>Informaci\u00f3n: FEXME<\/p>\n<p><a href=\"http:\/\/www.fexme.com\/portal\/Noticias\/tabid\/58\/articleType\/ArticleView\/articleId\/538\/12-Prueba-Circuito-Senderista-2013-XV-Marcha-Bosques-del-Ambroz-PRCC-37.aspx\" rel=\"external nofollow\"><strong>Consulta toda la informaci\u00f3n sobre inscripciones<\/strong><\/a><\/p>\n<p>&nbsp;<\/p>\n<p>&nbsp;<\/p>\n<!-- AddThis Advanced Settings generic via filter on the_content --><!-- AddThis Share Buttons generic via filter on the_content -->","protected":false},"excerpt":{"rendered":"<p>Vuelve la ruta por los Bosques del Ambroz en la que est\u00e1 previsto que participen unos mil senderistas. La ruta por esta bonita comarca cacere\u00f1a comienza en el pueblo m\u00e1s alto de la comarca, La Garganta, desde all\u00ed comenzar\u00e1 la marcha. Tras la primera subida, hay un prolongado descenso que atraviesa bosques de casta\u00f1os, paisaje [&hellip;]<!-- AddThis Advanced Settings generic via filter on get_the_excerpt --><!-- AddThis Share Buttons generic via filter on get_the_excerpt --><\/p>\n","protected":false},"author":27,"featured_media":0,"comment_status":"open","ping_status":"closed","sticky":false,"template":"","format":"standard","meta":[],"categories":[4],"tags":[340,778,906,944,1035,1061],"_links":{"self":[{"href":"https:\/\/blogs.hoy.es\/senderosextremadura\/wp-json\/wp\/v2\/posts\/2211"}],"collection":[{"href":"https:\/\/blogs.hoy.es\/senderosextremadura\/wp-json\/wp\/v2\/posts"}],"about":[{"href":"https:\/\/blogs.hoy.es\/senderosextremadura\/wp-json\/wp\/v2\/types\/post"}],"author":[{"embeddable":true,"href":"https:\/\/blogs.hoy.es\/senderosextremadura\/wp-json\/wp\/v2\/users\/27"}],"replies":[{"embeddable":true,"href":"https:\/\/blogs.hoy.es\/senderosextremadura\/wp-json\/wp\/v2\/comments?post=2211"}],"version-history":[{"count":0,"href":"https:\/\/blogs.hoy.es\/senderosextremadura\/wp-json\/wp\/v2\/posts\/2211\/revisions"}],"wp:attachment":[{"href":"https:\/\/blogs.hoy.es\/senderosextremadura\/wp-json\/wp\/v2\/media?parent=2211"}],"wp:term":[{"taxonomy":"category","embeddable":true,"href":"https:\/\/blogs.hoy.es\/senderosextremadura\/wp-json\/wp\/v2\/categories?post=2211"},{"taxonomy":"post_tag","embeddable":true,"href":"https:\/\/blogs.hoy.es\/senderosextremadura\/wp-json\/wp\/v2\/tags?post=2211"}],"curies":[{"name":"wp","href":"https:\/\/api.w.org\/{rel}","templated":true}]}}