{"id":2217,"date":"2013-11-13T09:56:52","date_gmt":"2013-11-13T09:56:52","guid":{"rendered":"http:\/\/blogs.hoy.es\/senderosextremadura\/?p=2217"},"modified":"2013-11-13T09:56:52","modified_gmt":"2013-11-13T09:56:52","slug":"ruta-de-17-kilometros-por-la-sierra-de-quintana-17-de-noviembre","status":"publish","type":"post","link":"https:\/\/blogs.hoy.es\/senderosextremadura\/2013\/11\/13\/ruta-de-17-kilometros-por-la-sierra-de-quintana-17-de-noviembre\/","title":{"rendered":"Ruta de 17 kil\u00f3metros por la sierra de Quintana (17 de noviembre)"},"content":{"rendered":"<p>&nbsp;<\/p>\n<div id=\"attachment_2218\" style=\"width: 356px\" class=\"wp-caption alignright\"><a href=\"https:\/\/blogs.hoy.es\/senderosextremadura\/\"><img aria-describedby=\"caption-attachment-2218\" loading=\"lazy\" class=\" wp-image-2218\" title=\"\" src=\"\/senderosextremadura\/wp-content\/uploads\/sites\/22\/2013\/11\/ruta-quintana.jpg\" alt=\"\" width=\"346\" height=\"373\" srcset=\"https:\/\/static-blogs.hoy.es\/wp-content\/uploads\/sites\/22\/2013\/11\/ruta-quintana-277x300.jpg 277w, https:\/\/static-blogs.hoy.es\/wp-content\/uploads\/sites\/22\/2013\/11\/ruta-quintana-768x831.jpg 768w, https:\/\/static-blogs.hoy.es\/wp-content\/uploads\/sites\/22\/2013\/11\/ruta-quintana-600x649.jpg 600w\" sizes=\"(max-width: 346px) 100vw, 346px\" \/><\/a><p id=\"caption-attachment-2218\" class=\"wp-caption-text\">Pinares en la sierra quintanense:: A.M.<\/p><\/div>\n<p class=\"MsoNormal\"><span style=\"font-size: medium;\">El municipio pacense de <strong>Quintana de la Serena<\/strong> acoger\u00e1 este domingo 17 de noviembre una ruta senderista por su sierra, desde la que se obtienen impresionantes vistas de la comarca. Durante el recorrido se podr\u00e1 compropar el contraste de la llanura de campi\u00f1a con las zona de sierra. En la marcha participar\u00e1n caminantes del <strong>Club Valdearenales<\/strong>, de Guare\u00f1a, senderistas que habitualmente comparten actividades con los aficionados de la localidad. <\/span><\/p>\n<p class=\"MsoNormal\"><span style=\"font-size: medium;\">El recorrido, de unos <strong>17 kil\u00f3metros<\/strong>, arrancar\u00e1 a las nueve de la ma\u00f1ana desde el Hotel San Francisco.La inscripci\u00f3n es gratuita. Se recomienda llevar calzado c\u00f3modo, ropa adecuada y avituallamiento personal.<\/span><\/p>\n<!-- AddThis Advanced Settings generic via filter on the_content --><!-- AddThis Share Buttons generic via filter on the_content -->","protected":false},"excerpt":{"rendered":"<p>&nbsp; El municipio pacense de Quintana de la Serena acoger\u00e1 este domingo 17 de noviembre una ruta senderista por su sierra, desde la que se obtienen impresionantes vistas de la comarca. Durante el recorrido se podr\u00e1 compropar el contraste de la llanura de campi\u00f1a con las zona de sierra. En la marcha participar\u00e1n caminantes del [&hellip;]<!-- AddThis Advanced Settings generic via filter on get_the_excerpt --><!-- AddThis Share Buttons generic via filter on get_the_excerpt --><\/p>\n","protected":false},"author":27,"featured_media":0,"comment_status":"open","ping_status":"closed","sticky":false,"template":"","format":"standard","meta":[],"categories":[4],"tags":[817,937,942,1035],"_links":{"self":[{"href":"https:\/\/blogs.hoy.es\/senderosextremadura\/wp-json\/wp\/v2\/posts\/2217"}],"collection":[{"href":"https:\/\/blogs.hoy.es\/senderosextremadura\/wp-json\/wp\/v2\/posts"}],"about":[{"href":"https:\/\/blogs.hoy.es\/senderosextremadura\/wp-json\/wp\/v2\/types\/post"}],"author":[{"embeddable":true,"href":"https:\/\/blogs.hoy.es\/senderosextremadura\/wp-json\/wp\/v2\/users\/27"}],"replies":[{"embeddable":true,"href":"https:\/\/blogs.hoy.es\/senderosextremadura\/wp-json\/wp\/v2\/comments?post=2217"}],"version-history":[{"count":0,"href":"https:\/\/blogs.hoy.es\/senderosextremadura\/wp-json\/wp\/v2\/posts\/2217\/revisions"}],"wp:attachment":[{"href":"https:\/\/blogs.hoy.es\/senderosextremadura\/wp-json\/wp\/v2\/media?parent=2217"}],"wp:term":[{"taxonomy":"category","embeddable":true,"href":"https:\/\/blogs.hoy.es\/senderosextremadura\/wp-json\/wp\/v2\/categories?post=2217"},{"taxonomy":"post_tag","embeddable":true,"href":"https:\/\/blogs.hoy.es\/senderosextremadura\/wp-json\/wp\/v2\/tags?post=2217"}],"curies":[{"name":"wp","href":"https:\/\/api.w.org\/{rel}","templated":true}]}}