{"id":2221,"date":"2013-11-13T18:19:39","date_gmt":"2013-11-13T18:19:39","guid":{"rendered":"http:\/\/blogs.hoy.es\/senderosextremadura\/?p=2221"},"modified":"2013-11-13T18:19:39","modified_gmt":"2013-11-13T18:19:39","slug":"ruta-por-la-sierra-de-monsalud-24-de-noviembre","status":"publish","type":"post","link":"https:\/\/blogs.hoy.es\/senderosextremadura\/2013\/11\/13\/ruta-por-la-sierra-de-monsalud-24-de-noviembre\/","title":{"rendered":"Ruta por la Sierra de Monsalud (1 de diciembre)"},"content":{"rendered":"<div id=\"attachment_2222\" style=\"width: 610px\" class=\"wp-caption aligncenter\"><a href=\"https:\/\/blogs.hoy.es\/senderosextremadura\/\"><img aria-describedby=\"caption-attachment-2222\" loading=\"lazy\" class=\"size-large wp-image-2222 \" src=\"\/senderosextremadura\/wp-content\/uploads\/sites\/22\/2013\/11\/SIERRAn.jpg\" alt=\"\" width=\"600\" height=\"401\" srcset=\"https:\/\/static-blogs.hoy.es\/wp-content\/uploads\/sites\/22\/2013\/11\/SIERRAn.jpg 960w, https:\/\/static-blogs.hoy.es\/wp-content\/uploads\/sites\/22\/2013\/11\/SIERRAn-300x201.jpg 300w, https:\/\/static-blogs.hoy.es\/wp-content\/uploads\/sites\/22\/2013\/11\/SIERRAn-768x514.jpg 768w, https:\/\/static-blogs.hoy.es\/wp-content\/uploads\/sites\/22\/2013\/11\/SIERRAn-600x401.jpg 600w\" sizes=\"(max-width: 600px) 100vw, 600px\" \/><\/a><p id=\"caption-attachment-2222\" class=\"wp-caption-text\">Vistas de la ruta celebrada por el mismo paraje el a\u00f1o pasado: SENDERISMO SALVALE\u00d3N<\/p><\/div>\n<p>El 1 de diciembre tendr\u00e1 lugar la <strong>Ruta Puerto de los Maderos<\/strong>, en la sierra de Salvale\u00f3n (Badajoz).\u00a0 La marcha est\u00e1 organizada por la <strong>asociaci\u00f3n Senderismo SAlvale\u00f3n<\/strong>. La marcha discurre muy pr\u00f3xima al embalse de Nogales. La fotograf\u00eda que ilustra este post pertenece a la ruta del a\u00f1o pasado. En ella se pueden observar las vistas son magn\u00edficas (altura de 737 metros) y las coordenadas del punto geod\u00e9sico situado en la sierra Monsalud:<br \/>\nN 38\u00ba 33\u00b4 46,30\u00b4\u00b4<br \/>\nW 6\u00ba 46\u00b4 47,03\u00b4\u00b4<\/p>\n<!-- AddThis Advanced Settings generic via filter on the_content --><!-- AddThis Share Buttons generic via filter on the_content -->","protected":false},"excerpt":{"rendered":"<p>El 1 de diciembre tendr\u00e1 lugar la Ruta Puerto de los Maderos, en la sierra de Salvale\u00f3n (Badajoz).\u00a0 La marcha est\u00e1 organizada por la asociaci\u00f3n Senderismo SAlvale\u00f3n. La marcha discurre muy pr\u00f3xima al embalse de Nogales. La fotograf\u00eda que ilustra este post pertenece a la ruta del a\u00f1o pasado. En ella se pueden observar las [&hellip;]<!-- AddThis Advanced Settings generic via filter on get_the_excerpt --><!-- AddThis Share Buttons generic via filter on get_the_excerpt --><\/p>\n","protected":false},"author":27,"featured_media":0,"comment_status":"open","ping_status":"closed","sticky":false,"template":"","format":"standard","meta":[],"categories":[4],"tags":[],"_links":{"self":[{"href":"https:\/\/blogs.hoy.es\/senderosextremadura\/wp-json\/wp\/v2\/posts\/2221"}],"collection":[{"href":"https:\/\/blogs.hoy.es\/senderosextremadura\/wp-json\/wp\/v2\/posts"}],"about":[{"href":"https:\/\/blogs.hoy.es\/senderosextremadura\/wp-json\/wp\/v2\/types\/post"}],"author":[{"embeddable":true,"href":"https:\/\/blogs.hoy.es\/senderosextremadura\/wp-json\/wp\/v2\/users\/27"}],"replies":[{"embeddable":true,"href":"https:\/\/blogs.hoy.es\/senderosextremadura\/wp-json\/wp\/v2\/comments?post=2221"}],"version-history":[{"count":0,"href":"https:\/\/blogs.hoy.es\/senderosextremadura\/wp-json\/wp\/v2\/posts\/2221\/revisions"}],"wp:attachment":[{"href":"https:\/\/blogs.hoy.es\/senderosextremadura\/wp-json\/wp\/v2\/media?parent=2221"}],"wp:term":[{"taxonomy":"category","embeddable":true,"href":"https:\/\/blogs.hoy.es\/senderosextremadura\/wp-json\/wp\/v2\/categories?post=2221"},{"taxonomy":"post_tag","embeddable":true,"href":"https:\/\/blogs.hoy.es\/senderosextremadura\/wp-json\/wp\/v2\/tags?post=2221"}],"curies":[{"name":"wp","href":"https:\/\/api.w.org\/{rel}","templated":true}]}}