{"id":2224,"date":"2013-11-14T13:21:28","date_gmt":"2013-11-14T13:21:28","guid":{"rendered":"http:\/\/blogs.hoy.es\/senderosextremadura\/?p=2224"},"modified":"2013-11-14T13:21:28","modified_gmt":"2013-11-14T13:21:28","slug":"ruta-oliventina-para-descubrir-el-secreto-navideno-de-nicolas-15-de-diciembre","status":"publish","type":"post","link":"https:\/\/blogs.hoy.es\/senderosextremadura\/2013\/11\/14\/ruta-oliventina-para-descubrir-el-secreto-navideno-de-nicolas-15-de-diciembre\/","title":{"rendered":"Ruta oliventina para descubrir el secreto navide\u00f1o de Nicol\u00e1s (15 de diciembre)"},"content":{"rendered":"<div id=\"attachment_2225\" style=\"width: 505px\" class=\"wp-caption aligncenter\"><a href=\"https:\/\/blogs.hoy.es\/senderosextremadura\/\"><img aria-describedby=\"caption-attachment-2225\" loading=\"lazy\" class=\"wp-image-2225 \" src=\"\/senderosextremadura\/wp-content\/uploads\/sites\/22\/2013\/11\/nicolas.jpg\" alt=\"\" width=\"495\" height=\"340\" srcset=\"https:\/\/static-blogs.hoy.es\/wp-content\/uploads\/sites\/22\/2013\/11\/nicolas.jpg 2048w, https:\/\/static-blogs.hoy.es\/wp-content\/uploads\/sites\/22\/2013\/11\/nicolas-300x207.jpg 300w, https:\/\/static-blogs.hoy.es\/wp-content\/uploads\/sites\/22\/2013\/11\/nicolas-768x529.jpg 768w, https:\/\/static-blogs.hoy.es\/wp-content\/uploads\/sites\/22\/2013\/11\/nicolas-600x413.jpg 600w\" sizes=\"(max-width: 495px) 100vw, 495px\" \/><\/a><p id=\"caption-attachment-2225\" class=\"wp-caption-text\">Cartel de la ruta<\/p><\/div>\n<p>Se acerca otra aventura senderista de esas a las que, en su corta trayectoria, nos han acostumbrados los <a href=\"http:\/\/www.clubsenderistaolivenza.es\/ \" rel=\"external nofollow\"><strong>Prisi\u00f1as de Olivenza<\/strong><\/a>. El club promete que ser\u00e1 una experiencia navide\u00f1a dif\u00edcil de olvidar. \u00a0La <a href=\"http:\/\/clubsenderistaolivenza.es\/ruta-christmas-priss.html\" rel=\"external nofollow\"><strong>Ruta Christmas Priss<\/strong><\/a>, que as\u00ed la han denominado, tendr\u00e1 lugar el pr\u00f3ximo <strong>15 de diciembre<\/strong>. <!--more-->En la marcha de 19 kil\u00f3metros los caminantes podr\u00e1n descubrir el secreto de Nicol\u00e1s\u2026 \u201caquel que ha guardado su amigo Alejandro durante 80 largos a\u00f1os\u201d. Se trata de una marcha con salida en <strong>Villarreal de Olivenza<\/strong> a las 9.30 horas. Una hora antes los participantes disfrutar\u00e1n de un desayuno campestre con migas incluidas. Habr\u00e1 un avituallamiento \u201cmuy especial\u201d y comida al final.<\/p>\n<p>El coste de inscripci\u00f3n, a trav\u00e9s de la <strong>Gerencia de Deportes del Ayuntamiento de Olivenza<\/strong>, es de 8 euros. Las plazas son limitadas. Ya est\u00e1 abierto el plazo de inscripci\u00f3n. En este enlace puedes <a href=\"https:\/\/docs.google.com\/forms\/d\/1uCu1aJRKEiIAZNwOW7Isb-olc5x7K13TYeFyhJlh6Ms\/viewform\"><strong>acceder al formulario<\/strong><\/a>.<\/p>\n<p>M\u00e1s informaci\u00f3n en la <a href=\"http:\/\/www.clubsenderistaolivenza.es\/\" rel=\"external nofollow\"><strong>web del Club Prisi\u00f1as.<\/strong><\/a><\/p>\n<!-- AddThis Advanced Settings generic via filter on the_content --><!-- AddThis Share Buttons generic via filter on the_content -->","protected":false},"excerpt":{"rendered":"<p>Se acerca otra aventura senderista de esas a las que, en su corta trayectoria, nos han acostumbrados los Prisi\u00f1as de Olivenza. El club promete que ser\u00e1 una experiencia navide\u00f1a dif\u00edcil de olvidar. \u00a0La Ruta Christmas Priss, que as\u00ed la han denominado, tendr\u00e1 lugar el pr\u00f3ximo 15 de diciembre.<!-- AddThis Advanced Settings generic via filter on get_the_excerpt --><!-- AddThis Share Buttons generic via filter on get_the_excerpt --><\/p>\n","protected":false},"author":27,"featured_media":0,"comment_status":"open","ping_status":"closed","sticky":false,"template":"","format":"standard","meta":[],"categories":[4],"tags":[],"_links":{"self":[{"href":"https:\/\/blogs.hoy.es\/senderosextremadura\/wp-json\/wp\/v2\/posts\/2224"}],"collection":[{"href":"https:\/\/blogs.hoy.es\/senderosextremadura\/wp-json\/wp\/v2\/posts"}],"about":[{"href":"https:\/\/blogs.hoy.es\/senderosextremadura\/wp-json\/wp\/v2\/types\/post"}],"author":[{"embeddable":true,"href":"https:\/\/blogs.hoy.es\/senderosextremadura\/wp-json\/wp\/v2\/users\/27"}],"replies":[{"embeddable":true,"href":"https:\/\/blogs.hoy.es\/senderosextremadura\/wp-json\/wp\/v2\/comments?post=2224"}],"version-history":[{"count":0,"href":"https:\/\/blogs.hoy.es\/senderosextremadura\/wp-json\/wp\/v2\/posts\/2224\/revisions"}],"wp:attachment":[{"href":"https:\/\/blogs.hoy.es\/senderosextremadura\/wp-json\/wp\/v2\/media?parent=2224"}],"wp:term":[{"taxonomy":"category","embeddable":true,"href":"https:\/\/blogs.hoy.es\/senderosextremadura\/wp-json\/wp\/v2\/categories?post=2224"},{"taxonomy":"post_tag","embeddable":true,"href":"https:\/\/blogs.hoy.es\/senderosextremadura\/wp-json\/wp\/v2\/tags?post=2224"}],"curies":[{"name":"wp","href":"https:\/\/api.w.org\/{rel}","templated":true}]}}