{"id":2230,"date":"2013-11-15T16:52:00","date_gmt":"2013-11-15T16:52:00","guid":{"rendered":"http:\/\/blogs.hoy.es\/senderosextremadura\/?p=2230"},"modified":"2013-11-15T16:52:00","modified_gmt":"2013-11-15T16:52:00","slug":"fuente-del-maestre-acoge-este-viernes-una-ruta-nocturna","status":"publish","type":"post","link":"https:\/\/blogs.hoy.es\/senderosextremadura\/2013\/11\/15\/fuente-del-maestre-acoge-este-viernes-una-ruta-nocturna\/","title":{"rendered":"Fuente del Maestre acoge este viernes una ruta nocturna"},"content":{"rendered":"<p><a href=\"https:\/\/blogs.hoy.es\/senderosextremadura\/\"><img loading=\"lazy\" class=\"aligncenter size-full wp-image-2233\" title=\"\" src=\"\/senderosextremadura\/wp-content\/uploads\/sites\/22\/2013\/11\/noche.jpg\" alt=\"\" width=\"400\" height=\"300\" srcset=\"https:\/\/static-blogs.hoy.es\/wp-content\/uploads\/sites\/22\/2013\/11\/noche.jpg 400w, https:\/\/static-blogs.hoy.es\/wp-content\/uploads\/sites\/22\/2013\/11\/noche-300x225.jpg 300w\" sizes=\"(max-width: 400px) 100vw, 400px\" \/><\/a><\/p>\n<p><strong>Fuente del Maestre<\/strong> acoge este viernes 15 de noviembre una nueva ruta senderista nocturna. La cita ser\u00e1 a las 20:00 horas en la carretera de Feria. Como siempre, se recomienda llevar agua, ropa c\u00f3moda y comida para la parada que se har\u00e1 antes de regresar al pueblo. Una media de 80 personas, mayoritariamente mujeres, llevan a cabo estas rutas. V. Blanca es la coordinadora del multitudinario Curso de Gimnasia de Mantenimiento, organizado anualmente a trav\u00e9s de la Universidad Popular.<\/p>\n<!-- AddThis Advanced Settings generic via filter on the_content --><!-- AddThis Share Buttons generic via filter on the_content -->","protected":false},"excerpt":{"rendered":"<p>Fuente del Maestre acoge este viernes 15 de noviembre una nueva ruta senderista nocturna. La cita ser\u00e1 a las 20:00 horas en la carretera de Feria. Como siempre, se recomienda llevar agua, ropa c\u00f3moda y comida para la parada que se har\u00e1 antes de regresar al pueblo. Una media de 80 personas, mayoritariamente mujeres, llevan [&hellip;]<!-- AddThis Advanced Settings generic via filter on get_the_excerpt --><!-- AddThis Share Buttons generic via filter on get_the_excerpt --><\/p>\n","protected":false},"author":27,"featured_media":0,"comment_status":"open","ping_status":"closed","sticky":false,"template":"","format":"standard","meta":[],"categories":[4],"tags":[],"_links":{"self":[{"href":"https:\/\/blogs.hoy.es\/senderosextremadura\/wp-json\/wp\/v2\/posts\/2230"}],"collection":[{"href":"https:\/\/blogs.hoy.es\/senderosextremadura\/wp-json\/wp\/v2\/posts"}],"about":[{"href":"https:\/\/blogs.hoy.es\/senderosextremadura\/wp-json\/wp\/v2\/types\/post"}],"author":[{"embeddable":true,"href":"https:\/\/blogs.hoy.es\/senderosextremadura\/wp-json\/wp\/v2\/users\/27"}],"replies":[{"embeddable":true,"href":"https:\/\/blogs.hoy.es\/senderosextremadura\/wp-json\/wp\/v2\/comments?post=2230"}],"version-history":[{"count":0,"href":"https:\/\/blogs.hoy.es\/senderosextremadura\/wp-json\/wp\/v2\/posts\/2230\/revisions"}],"wp:attachment":[{"href":"https:\/\/blogs.hoy.es\/senderosextremadura\/wp-json\/wp\/v2\/media?parent=2230"}],"wp:term":[{"taxonomy":"category","embeddable":true,"href":"https:\/\/blogs.hoy.es\/senderosextremadura\/wp-json\/wp\/v2\/categories?post=2230"},{"taxonomy":"post_tag","embeddable":true,"href":"https:\/\/blogs.hoy.es\/senderosextremadura\/wp-json\/wp\/v2\/tags?post=2230"}],"curies":[{"name":"wp","href":"https:\/\/api.w.org\/{rel}","templated":true}]}}