{"id":2240,"date":"2013-11-16T11:06:14","date_gmt":"2013-11-16T11:06:14","guid":{"rendered":"http:\/\/blogs.hoy.es\/senderosextremadura\/?p=2240"},"modified":"2013-11-16T11:06:14","modified_gmt":"2013-11-16T11:06:14","slug":"ruta-con-los-labradores-de-los-santos-17-de-noviembre","status":"publish","type":"post","link":"https:\/\/blogs.hoy.es\/senderosextremadura\/2013\/11\/16\/ruta-con-los-labradores-de-los-santos-17-de-noviembre\/","title":{"rendered":"Ruta con los labradores de Los Santos (17 de noviembre)"},"content":{"rendered":"<p><a href=\"https:\/\/blogs.hoy.es\/senderosextremadura\/2013\/11\/16\/ruta-con-los-labradores-de-los-santos-17-de-noviembre\/docu_hoy\/\" rel=\"attachment wp-att-2242\"><img loading=\"lazy\" class=\"alignleft  wp-image-2242\" title=\"\" src=\"\/senderosextremadura\/wp-content\/uploads\/sites\/22\/2013\/11\/LeerImagen.jpg\" alt=\"\" width=\"274\" height=\"365\" srcset=\"https:\/\/static-blogs.hoy.es\/wp-content\/uploads\/sites\/22\/2013\/11\/LeerImagen.jpg 412w, https:\/\/static-blogs.hoy.es\/wp-content\/uploads\/sites\/22\/2013\/11\/LeerImagen-225x300.jpg 225w\" sizes=\"(max-width: 274px) 100vw, 274px\" \/><\/a>Este domingo <strong>17 de noviembre<\/strong>, la Asociaci\u00f3n Senderista La Verea y la Asociaci\u00f3n Hist\u00f3rico Cultural Maimona organizan una ruta senderista al <strong>Castillo de Los Santos<\/strong>. La concentraci\u00f3n ser\u00e1 a las 09,00 horas en la sede de la Asociaci\u00f3n de Agricultores -Plaza de Espa\u00f1a-, donde los participantes podr\u00e1n degustar unas migas preparadas por la directiva Labradores.<\/p>\n<p>Asimismo, a las 09,30 horas est\u00e1 prevista la salida hacia el Castillo para recorrer una ruta de unos nueve kil\u00f3metros. Una vez all\u00ed, el <strong>historiador Manuel Molina<\/strong> explicar\u00e1 la historia de este castillo as\u00ed como restos m\u00e1s prominentes del mismo. Tras la charla, los senderistas volver\u00e1n a Labradores para reponer fuerzas con un refresco y un montado, informa en nota de prensa la organizaci\u00f3n.<\/p>\n<!-- AddThis Advanced Settings generic via filter on the_content --><!-- AddThis Share Buttons generic via filter on the_content -->","protected":false},"excerpt":{"rendered":"<p>Este domingo 17 de noviembre, la Asociaci\u00f3n Senderista La Verea y la Asociaci\u00f3n Hist\u00f3rico Cultural Maimona organizan una ruta senderista al Castillo de Los Santos. La concentraci\u00f3n ser\u00e1 a las 09,00 horas en la sede de la Asociaci\u00f3n de Agricultores -Plaza de Espa\u00f1a-, donde los participantes podr\u00e1n degustar unas migas preparadas por la directiva Labradores. [&hellip;]<!-- AddThis Advanced Settings generic via filter on get_the_excerpt --><!-- AddThis Share Buttons generic via filter on get_the_excerpt --><\/p>\n","protected":false},"author":27,"featured_media":0,"comment_status":"open","ping_status":"closed","sticky":false,"template":"","format":"standard","meta":[],"categories":[4],"tags":[817,836,917,1035],"_links":{"self":[{"href":"https:\/\/blogs.hoy.es\/senderosextremadura\/wp-json\/wp\/v2\/posts\/2240"}],"collection":[{"href":"https:\/\/blogs.hoy.es\/senderosextremadura\/wp-json\/wp\/v2\/posts"}],"about":[{"href":"https:\/\/blogs.hoy.es\/senderosextremadura\/wp-json\/wp\/v2\/types\/post"}],"author":[{"embeddable":true,"href":"https:\/\/blogs.hoy.es\/senderosextremadura\/wp-json\/wp\/v2\/users\/27"}],"replies":[{"embeddable":true,"href":"https:\/\/blogs.hoy.es\/senderosextremadura\/wp-json\/wp\/v2\/comments?post=2240"}],"version-history":[{"count":0,"href":"https:\/\/blogs.hoy.es\/senderosextremadura\/wp-json\/wp\/v2\/posts\/2240\/revisions"}],"wp:attachment":[{"href":"https:\/\/blogs.hoy.es\/senderosextremadura\/wp-json\/wp\/v2\/media?parent=2240"}],"wp:term":[{"taxonomy":"category","embeddable":true,"href":"https:\/\/blogs.hoy.es\/senderosextremadura\/wp-json\/wp\/v2\/categories?post=2240"},{"taxonomy":"post_tag","embeddable":true,"href":"https:\/\/blogs.hoy.es\/senderosextremadura\/wp-json\/wp\/v2\/tags?post=2240"}],"curies":[{"name":"wp","href":"https:\/\/api.w.org\/{rel}","templated":true}]}}