{"id":2243,"date":"2013-11-16T12:49:37","date_gmt":"2013-11-16T12:49:37","guid":{"rendered":"http:\/\/blogs.hoy.es\/senderosextremadura\/?p=2243"},"modified":"2013-11-16T12:49:37","modified_gmt":"2013-11-16T12:49:37","slug":"callejeando-por-la-mata-de-casar-de-caceres-17-de-noviembre","status":"publish","type":"post","link":"https:\/\/blogs.hoy.es\/senderosextremadura\/2013\/11\/16\/callejeando-por-la-mata-de-casar-de-caceres-17-de-noviembre\/","title":{"rendered":"Callejeando por La Mata de Casar de C\u00e1ceres (17 de noviembre)"},"content":{"rendered":"<div>\n<p><strong><a href=\"https:\/\/blogs.hoy.es\/senderosextremadura\/2013\/11\/16\/callejeando-por-la-mata-de-casar-de-caceres-17-de-noviembre\/callejeando-1\/\" rel=\"attachment wp-att-2245\"><img loading=\"lazy\" class=\"alignleft size-full wp-image-2245\" title=\"\" src=\"\/senderosextremadura\/wp-content\/uploads\/sites\/22\/2013\/11\/callejeando-1.jpg\" alt=\"\" width=\"300\" height=\"400\" srcset=\"https:\/\/static-blogs.hoy.es\/wp-content\/uploads\/sites\/22\/2013\/11\/callejeando-1.jpg 300w, https:\/\/static-blogs.hoy.es\/wp-content\/uploads\/sites\/22\/2013\/11\/callejeando-1-225x300.jpg 225w\" sizes=\"(max-width: 300px) 100vw, 300px\" \/><\/a><span style=\"font-size: medium;\">Casar de C\u00e1ceres<\/span><\/strong><span style=\"font-size: medium;\"> acoge este domingo una ruta por la\u00a0 zona de La Mata. La marcha tendr\u00e1 una duraci\u00f3n de unas cuatro horas y unos 16,5 kil\u00f3metros, transcurriendo en su mayor parte por caminos y callejas en buen estado y por tramos de veredas de la Dehesa Boyal de la localidad.<\/span><\/p>\n<p><span style=\"font-size: medium;\">La salida est\u00e1 prevista para las 10:00 de la ma\u00f1ana desde la Plaza de Espa\u00f1a y las inscripciones se podr\u00e1n realizar desde 15 minutos antes en el mismo lugar de la salida.<\/span><\/p>\n<p><span style=\"font-size: medium;\">La informaci\u00f3n de la ruta est\u00e1 disponible en las secciones de Deportes y Juventud de la web <a href=\"http:\/\/www.casardecaceres.com\/\" rel=\"external nofollow\"><strong>www.casardecaceres.com<\/strong><\/a> as\u00ed como en las redes sociales Facebook (Judeca Casar de C\u00e1ceres) y Twitter (@DeporteCasar y @JuventudCasar).<\/span><\/p>\n<\/div>\n<!-- AddThis Advanced Settings generic via filter on the_content --><!-- AddThis Share Buttons generic via filter on the_content -->","protected":false},"excerpt":{"rendered":"<p>Casar de C\u00e1ceres acoge este domingo una ruta por la\u00a0 zona de La Mata. La marcha tendr\u00e1 una duraci\u00f3n de unas cuatro horas y unos 16,5 kil\u00f3metros, transcurriendo en su mayor parte por caminos y callejas en buen estado y por tramos de veredas de la Dehesa Boyal de la localidad. La salida est\u00e1 prevista [&hellip;]<!-- AddThis Advanced Settings generic via filter on get_the_excerpt --><!-- AddThis Share Buttons generic via filter on get_the_excerpt --><\/p>\n","protected":false},"author":27,"featured_media":0,"comment_status":"open","ping_status":"closed","sticky":false,"template":"","format":"standard","meta":[],"categories":[4],"tags":[],"_links":{"self":[{"href":"https:\/\/blogs.hoy.es\/senderosextremadura\/wp-json\/wp\/v2\/posts\/2243"}],"collection":[{"href":"https:\/\/blogs.hoy.es\/senderosextremadura\/wp-json\/wp\/v2\/posts"}],"about":[{"href":"https:\/\/blogs.hoy.es\/senderosextremadura\/wp-json\/wp\/v2\/types\/post"}],"author":[{"embeddable":true,"href":"https:\/\/blogs.hoy.es\/senderosextremadura\/wp-json\/wp\/v2\/users\/27"}],"replies":[{"embeddable":true,"href":"https:\/\/blogs.hoy.es\/senderosextremadura\/wp-json\/wp\/v2\/comments?post=2243"}],"version-history":[{"count":0,"href":"https:\/\/blogs.hoy.es\/senderosextremadura\/wp-json\/wp\/v2\/posts\/2243\/revisions"}],"wp:attachment":[{"href":"https:\/\/blogs.hoy.es\/senderosextremadura\/wp-json\/wp\/v2\/media?parent=2243"}],"wp:term":[{"taxonomy":"category","embeddable":true,"href":"https:\/\/blogs.hoy.es\/senderosextremadura\/wp-json\/wp\/v2\/categories?post=2243"},{"taxonomy":"post_tag","embeddable":true,"href":"https:\/\/blogs.hoy.es\/senderosextremadura\/wp-json\/wp\/v2\/tags?post=2243"}],"curies":[{"name":"wp","href":"https:\/\/api.w.org\/{rel}","templated":true}]}}