{"id":2248,"date":"2013-11-19T08:42:48","date_gmt":"2013-11-19T08:42:48","guid":{"rendered":"http:\/\/blogs.hoy.es\/senderosextremadura\/?p=2248"},"modified":"2013-11-19T08:42:48","modified_gmt":"2013-11-19T08:42:48","slug":"ruta-de-a-fala-por-el-castanar-de-los-ojestos-24-de-noviembre","status":"publish","type":"post","link":"https:\/\/blogs.hoy.es\/senderosextremadura\/2013\/11\/19\/ruta-de-a-fala-por-el-castanar-de-los-ojestos-24-de-noviembre\/","title":{"rendered":"Ruta de &#039;A Fala&#039; por el casta\u00f1ar de &#039;Los ojestos&#039;  (24 de noviembre"},"content":{"rendered":"<div id=\"attachment_2249\" style=\"width: 501px\" class=\"wp-caption alignleft\"><a href=\"https:\/\/blogs.hoy.es\/senderosextremadura\/\"><img aria-describedby=\"caption-attachment-2249\" loading=\"lazy\" class=\" wp-image-2249\" title=\"\" src=\"\/senderosextremadura\/wp-content\/uploads\/sites\/22\/2013\/11\/san-martin_n.jpg\" alt=\"\" width=\"491\" height=\"276\" srcset=\"https:\/\/static-blogs.hoy.es\/wp-content\/uploads\/sites\/22\/2013\/11\/san-martin_n.jpg 960w, https:\/\/static-blogs.hoy.es\/wp-content\/uploads\/sites\/22\/2013\/11\/san-martin_n-300x169.jpg 300w, https:\/\/static-blogs.hoy.es\/wp-content\/uploads\/sites\/22\/2013\/11\/san-martin_n-768x433.jpg 768w, https:\/\/static-blogs.hoy.es\/wp-content\/uploads\/sites\/22\/2013\/11\/san-martin_n-600x338.jpg 600w\" sizes=\"(max-width: 491px) 100vw, 491px\" \/><\/a><p id=\"caption-attachment-2249\" class=\"wp-caption-text\">Plaza de San Mart\u00edn de Trevejo:: \u00c1NGELA MURILLO<\/p><\/div>\n<p>El <a href=\"http:\/\/www.clubcaminantebadajoz.com\/\" rel=\"external nofollow\"><strong>Cub del Caminante de Badajoz<\/strong><\/a> realizar\u00e1 el pr\u00f3ximo 24 de noviembre la Ruta de A Fala por la <strong>Sierra de Gata<\/strong>. El atractivo principal de la marcha es el<strong> casta\u00f1ar de &#8220;Los Ojestos&#8221;<\/strong> considerado el m\u00e1s extenso de Extremadura.\u00a0 El recorrido de 18 kil\u00f3metros discurre entre <strong>San Mart\u00edn de Trevejo y Valverde del Fresno<\/strong>. Si te la pierdes no disfrutar\u00e1s de los preciosos colores del oto\u00f1o.<\/p>\n<h3>M\u00e1s informaci\u00f3n en la <a href=\"http:\/\/www.clubcaminantebadajoz.com\/\" rel=\"external nofollow\"><strong>web del club.<\/strong><\/a><\/h3>\n<!-- AddThis Advanced Settings generic via filter on the_content --><!-- AddThis Share Buttons generic via filter on the_content -->","protected":false},"excerpt":{"rendered":"<p>El Cub del Caminante de Badajoz realizar\u00e1 el pr\u00f3ximo 24 de noviembre la Ruta de A Fala por la Sierra de Gata. El atractivo principal de la marcha es el casta\u00f1ar de &#8220;Los Ojestos&#8221; considerado el m\u00e1s extenso de Extremadura.\u00a0 El recorrido de 18 kil\u00f3metros discurre entre San Mart\u00edn de Trevejo y Valverde del Fresno. [&hellip;]<!-- AddThis Advanced Settings generic via filter on get_the_excerpt --><!-- AddThis Share Buttons generic via filter on get_the_excerpt --><\/p>\n","protected":false},"author":27,"featured_media":0,"comment_status":"open","ping_status":"closed","sticky":false,"template":"","format":"standard","meta":[],"categories":[4],"tags":[852,887,1069],"_links":{"self":[{"href":"https:\/\/blogs.hoy.es\/senderosextremadura\/wp-json\/wp\/v2\/posts\/2248"}],"collection":[{"href":"https:\/\/blogs.hoy.es\/senderosextremadura\/wp-json\/wp\/v2\/posts"}],"about":[{"href":"https:\/\/blogs.hoy.es\/senderosextremadura\/wp-json\/wp\/v2\/types\/post"}],"author":[{"embeddable":true,"href":"https:\/\/blogs.hoy.es\/senderosextremadura\/wp-json\/wp\/v2\/users\/27"}],"replies":[{"embeddable":true,"href":"https:\/\/blogs.hoy.es\/senderosextremadura\/wp-json\/wp\/v2\/comments?post=2248"}],"version-history":[{"count":0,"href":"https:\/\/blogs.hoy.es\/senderosextremadura\/wp-json\/wp\/v2\/posts\/2248\/revisions"}],"wp:attachment":[{"href":"https:\/\/blogs.hoy.es\/senderosextremadura\/wp-json\/wp\/v2\/media?parent=2248"}],"wp:term":[{"taxonomy":"category","embeddable":true,"href":"https:\/\/blogs.hoy.es\/senderosextremadura\/wp-json\/wp\/v2\/categories?post=2248"},{"taxonomy":"post_tag","embeddable":true,"href":"https:\/\/blogs.hoy.es\/senderosextremadura\/wp-json\/wp\/v2\/tags?post=2248"}],"curies":[{"name":"wp","href":"https:\/\/api.w.org\/{rel}","templated":true}]}}