{"id":2252,"date":"2013-11-19T09:02:37","date_gmt":"2013-11-19T09:02:37","guid":{"rendered":"http:\/\/blogs.hoy.es\/senderosextremadura\/?p=2252"},"modified":"2013-11-19T09:02:37","modified_gmt":"2013-11-19T09:02:37","slug":"espectacular-ruta-otonal-por-la-sierra-de-aracena-24-de-noviembre","status":"publish","type":"post","link":"https:\/\/blogs.hoy.es\/senderosextremadura\/2013\/11\/19\/espectacular-ruta-otonal-por-la-sierra-de-aracena-24-de-noviembre\/","title":{"rendered":"Espectacular ruta oto\u00f1al por la Sierra de Aracena (24 de noviembre)"},"content":{"rendered":"<div id=\"attachment_2258\" style=\"width: 513px\" class=\"wp-caption aligncenter\"><a href=\"\/senderosextremadura\/wp-content\/uploads\/sites\/22\/2013\/11\/aracenan.jpg\"><img aria-describedby=\"caption-attachment-2258\" loading=\"lazy\" class=\" wp-image-2258\" title=\"\" src=\"\/senderosextremadura\/wp-content\/uploads\/sites\/22\/2013\/11\/aracenan.jpg\" alt=\"\" width=\"503\" height=\"376\" srcset=\"https:\/\/static-blogs.hoy.es\/wp-content\/uploads\/sites\/22\/2013\/11\/aracenan.jpg 922w, https:\/\/static-blogs.hoy.es\/wp-content\/uploads\/sites\/22\/2013\/11\/aracenan-300x225.jpg 300w, https:\/\/static-blogs.hoy.es\/wp-content\/uploads\/sites\/22\/2013\/11\/aracenan-768x576.jpg 768w, https:\/\/static-blogs.hoy.es\/wp-content\/uploads\/sites\/22\/2013\/11\/aracenan-600x450.jpg 600w\" sizes=\"(max-width: 503px) 100vw, 503px\" \/><\/a><p id=\"caption-attachment-2258\" class=\"wp-caption-text\">Bosques de Aracena<\/p><\/div>\n<p><strong>Explorer Badajoz<\/strong> realizar\u00e1 el 24 de noviembre una ruta por el &#8216;Bosque encantado&#8217; de la Sierra de Aracena. Se trata de una marcha de dificultad media-baja con un trayecto de 16.8 km. Esta actividad tiene un precio de 20 euros y las inscripciones quedar\u00e1n cerradas el viernes 22.<\/p>\n<p><!--more-->El tramo a recorrer (Galaroza &#8211; Casta\u00f1o del Robledo &#8211; Fuenteheridos &#8211; Galaroza) esta considerado uno de los recorridos oto\u00f1ales m\u00e1s espectaculares (por no decir el mas espectacular) de cuantos se pueden realizar en la Sierra de Aracena y Picos de Aroche. Atravesaremos el Bosque Encantado. \u00a1No te la pierdas!<\/p>\n<p>&nbsp;<\/p>\n<p>INSCRIPCI\u00d3N ONLINE (hasta Agotar Plazas o hasta el Viernes 22\/11\/2013):<br \/>\n<a href=\"http:\/\/www.reunalia.com\/v03\/inscripciones\/inscripcion_paso2.aspx?Evento=8B08CA2B58AD4CE7&#038;Plaza=2997&#038;PlazaTarifa=28021&#038;if&#038;c\" rel=\"nofollow external\" target=\"_blank\">http:\/\/www.reunalia.com\/<wbr>v03\/inscripciones\/<wbr>inscripcion_paso2.aspx?Even<wbr>to=8B08CA2B58AD4CE7&#038;Plaza=<wbr>2997&#038;PlazaTarifa=28021&#038;if&#038;<wbr>c<\/wbr><\/wbr><\/wbr><\/wbr><\/wbr><\/a><\/p>\n<p>SALIDA:<br \/>\n08,30h desde Badajoz (Aparcamientos de Iglesia de San Jos\u00e9)<br \/>\n09,30h desde Jerez de los Caballeros (Area de Servicio)<br \/>\n10,00h desde Higuera la Real (Area de Servicio)<br \/>\nREGRESO:<br \/>\n17,00h desde Galaroza<\/p>\n<p>RECORRIDO: 16,8 Km<\/p>\n<!-- AddThis Advanced Settings generic via filter on the_content --><!-- AddThis Share Buttons generic via filter on the_content -->","protected":false},"excerpt":{"rendered":"<p>Explorer Badajoz realizar\u00e1 el 24 de noviembre una ruta por el &#8216;Bosque encantado&#8217; de la Sierra de Aracena. Se trata de una marcha de dificultad media-baja con un trayecto de 16.8 km. Esta actividad tiene un precio de 20 euros y las inscripciones quedar\u00e1n cerradas el viernes 22.<!-- AddThis Advanced Settings generic via filter on get_the_excerpt --><!-- AddThis Share Buttons generic via filter on get_the_excerpt --><\/p>\n","protected":false},"author":27,"featured_media":0,"comment_status":"open","ping_status":"closed","sticky":false,"template":"","format":"standard","meta":[],"categories":[4],"tags":[],"_links":{"self":[{"href":"https:\/\/blogs.hoy.es\/senderosextremadura\/wp-json\/wp\/v2\/posts\/2252"}],"collection":[{"href":"https:\/\/blogs.hoy.es\/senderosextremadura\/wp-json\/wp\/v2\/posts"}],"about":[{"href":"https:\/\/blogs.hoy.es\/senderosextremadura\/wp-json\/wp\/v2\/types\/post"}],"author":[{"embeddable":true,"href":"https:\/\/blogs.hoy.es\/senderosextremadura\/wp-json\/wp\/v2\/users\/27"}],"replies":[{"embeddable":true,"href":"https:\/\/blogs.hoy.es\/senderosextremadura\/wp-json\/wp\/v2\/comments?post=2252"}],"version-history":[{"count":0,"href":"https:\/\/blogs.hoy.es\/senderosextremadura\/wp-json\/wp\/v2\/posts\/2252\/revisions"}],"wp:attachment":[{"href":"https:\/\/blogs.hoy.es\/senderosextremadura\/wp-json\/wp\/v2\/media?parent=2252"}],"wp:term":[{"taxonomy":"category","embeddable":true,"href":"https:\/\/blogs.hoy.es\/senderosextremadura\/wp-json\/wp\/v2\/categories?post=2252"},{"taxonomy":"post_tag","embeddable":true,"href":"https:\/\/blogs.hoy.es\/senderosextremadura\/wp-json\/wp\/v2\/tags?post=2252"}],"curies":[{"name":"wp","href":"https:\/\/api.w.org\/{rel}","templated":true}]}}