{"id":2254,"date":"2013-11-19T09:32:39","date_gmt":"2013-11-19T09:32:39","guid":{"rendered":"http:\/\/blogs.hoy.es\/senderosextremadura\/?p=2254"},"modified":"2013-11-19T09:32:39","modified_gmt":"2013-11-19T09:32:39","slug":"ruta-megalitica-por-una-fregesia-abandonada-de-redondo-23-de-noviembre","status":"publish","type":"post","link":"https:\/\/blogs.hoy.es\/senderosextremadura\/2013\/11\/19\/ruta-megalitica-por-una-fregesia-abandonada-de-redondo-23-de-noviembre\/","title":{"rendered":"Ruta megal\u00edtica por una freges\u00eda abandonada de Redondo (23 de noviembre)"},"content":{"rendered":"<div id=\"attachment_2256\" style=\"width: 610px\" class=\"wp-caption aligncenter\"><img aria-describedby=\"caption-attachment-2256\" loading=\"lazy\" class=\" wp-image-2256\" title=\"\" src=\"\/senderosextremadura\/wp-content\/uploads\/sites\/22\/2013\/11\/redondo2_n.jpg\" alt=\"\" width=\"600\" height=\"450\" srcset=\"https:\/\/static-blogs.hoy.es\/wp-content\/uploads\/sites\/22\/2013\/11\/redondo2_n.jpg 960w, https:\/\/static-blogs.hoy.es\/wp-content\/uploads\/sites\/22\/2013\/11\/redondo2_n-300x225.jpg 300w, https:\/\/static-blogs.hoy.es\/wp-content\/uploads\/sites\/22\/2013\/11\/redondo2_n-768x576.jpg 768w, https:\/\/static-blogs.hoy.es\/wp-content\/uploads\/sites\/22\/2013\/11\/redondo2_n-600x450.jpg 600w\" sizes=\"(max-width: 600px) 100vw, 600px\" \/><p id=\"caption-attachment-2256\" class=\"wp-caption-text\">Cartel de la marcha<\/p><\/div>\n<p>Tras el \u00e9xito del recorrido por la peque\u00f1a <a href=\"https:\/\/blogs.hoy.es\/senderosextremadura\/2013\/11\/12\/una-ruta-para-descubrir-los-secretos-de-juromenha-17-de-noviembre\/\"><strong>villa de Juromenha<\/strong><\/a>, el pr\u00f3ximo s\u00e1bado 23 de noviembre volvemos a tierras del <strong>Alentejo (Portugal=<\/strong>. En este caso tambi\u00e9n se trata de una\u00a0 marcha organizada por el proyecto luso Raya Alentejana.\u00a0 Esta vez la actividad tendr\u00e1 lugar en el <a href=\"http:\/\/www.cm-redondo.pt\/pt\/conteudos\/munic%C3%ADpio\/\" rel=\"external nofollow\"><strong>municipio de Redondo<\/strong><\/a> (7.036 habitantes) , a <strong>74 kil\u00f3metros de Badajoz<\/strong> y muy pr\u00f3ximo a Vila Vi\u00e7osa. En el recorrido de <strong>7 kil\u00f3metroos<\/strong> los caminantes visitar\u00e1n una &#8216;freguesia&#8217; abandonada y disfrutar\u00e1n de los restos megal\u00edticos de la zona.<!--more--><\/p>\n<p>El punto de encuentro para los caminantes ser\u00e1 la bodega cooperativa de Redondo, situada en la carretera de \u00c9vora. De all\u00ed partir\u00e1 la marcha a las 9.30, hora local.<\/p>\n<p>La inscripci\u00f3n es gratuita. M\u00e1s informaci\u00f3n en el <a href=\"https:\/\/www.facebook.com\/RaiaAlentejana\" rel=\"external nofollow\"><strong>perfil de Facebook de Raya Alentejana.<\/strong><\/a><\/p>\n<!-- AddThis Advanced Settings generic via filter on the_content --><!-- AddThis Share Buttons generic via filter on the_content -->","protected":false},"excerpt":{"rendered":"<p>Tras el \u00e9xito del recorrido por la peque\u00f1a villa de Juromenha, el pr\u00f3ximo s\u00e1bado 23 de noviembre volvemos a tierras del Alentejo (Portugal=. En este caso tambi\u00e9n se trata de una\u00a0 marcha organizada por el proyecto luso Raya Alentejana.\u00a0 Esta vez la actividad tendr\u00e1 lugar en el municipio de Redondo (7.036 habitantes) , a 74 [&hellip;]<!-- AddThis Advanced Settings generic via filter on get_the_excerpt --><!-- AddThis Share Buttons generic via filter on get_the_excerpt --><\/p>\n","protected":false},"author":27,"featured_media":0,"comment_status":"open","ping_status":"closed","sticky":false,"template":"","format":"standard","meta":[],"categories":[4],"tags":[28,680,827,836],"_links":{"self":[{"href":"https:\/\/blogs.hoy.es\/senderosextremadura\/wp-json\/wp\/v2\/posts\/2254"}],"collection":[{"href":"https:\/\/blogs.hoy.es\/senderosextremadura\/wp-json\/wp\/v2\/posts"}],"about":[{"href":"https:\/\/blogs.hoy.es\/senderosextremadura\/wp-json\/wp\/v2\/types\/post"}],"author":[{"embeddable":true,"href":"https:\/\/blogs.hoy.es\/senderosextremadura\/wp-json\/wp\/v2\/users\/27"}],"replies":[{"embeddable":true,"href":"https:\/\/blogs.hoy.es\/senderosextremadura\/wp-json\/wp\/v2\/comments?post=2254"}],"version-history":[{"count":0,"href":"https:\/\/blogs.hoy.es\/senderosextremadura\/wp-json\/wp\/v2\/posts\/2254\/revisions"}],"wp:attachment":[{"href":"https:\/\/blogs.hoy.es\/senderosextremadura\/wp-json\/wp\/v2\/media?parent=2254"}],"wp:term":[{"taxonomy":"category","embeddable":true,"href":"https:\/\/blogs.hoy.es\/senderosextremadura\/wp-json\/wp\/v2\/categories?post=2254"},{"taxonomy":"post_tag","embeddable":true,"href":"https:\/\/blogs.hoy.es\/senderosextremadura\/wp-json\/wp\/v2\/tags?post=2254"}],"curies":[{"name":"wp","href":"https:\/\/api.w.org\/{rel}","templated":true}]}}