{"id":227,"date":"2012-03-16T18:31:25","date_gmt":"2012-03-16T18:31:25","guid":{"rendered":"http:\/\/blogs.hoy.es\/senderosextremadura\/?p=227"},"modified":"2012-03-16T18:31:25","modified_gmt":"2012-03-16T18:31:25","slug":"montehermoso-da-la-bienvenida-a-la-primavera-18-de-marzo","status":"publish","type":"post","link":"https:\/\/blogs.hoy.es\/senderosextremadura\/2012\/03\/16\/montehermoso-da-la-bienvenida-a-la-primavera-18-de-marzo\/","title":{"rendered":"Montehermoso da la bienvenida a la primavera (18 de marzo)"},"content":{"rendered":"<h2><a href=\"\/senderosextremadura\/wp-content\/uploads\/sites\/22\/2012\/03\/campo.jpg\"><img loading=\"lazy\" class=\"alignleft size-full wp-image-228\" title=\"campo\" src=\"\/senderosextremadura\/wp-content\/uploads\/sites\/22\/2012\/03\/campo.jpg\" alt=\"\" width=\"440\" height=\"204\" srcset=\"https:\/\/static-blogs.hoy.es\/wp-content\/uploads\/sites\/22\/2012\/03\/campo.jpg 647w, https:\/\/static-blogs.hoy.es\/wp-content\/uploads\/sites\/22\/2012\/03\/campo-300x139.jpg 300w, https:\/\/static-blogs.hoy.es\/wp-content\/uploads\/sites\/22\/2012\/03\/campo-600x278.jpg 600w\" sizes=\"(max-width: 440px) 100vw, 440px\" \/><\/a>Este domingo 18 de marzo, tendr\u00e1 lugar en la localidad cacere\u00f1a de <strong>Montehermoso<\/strong> una nueva edici\u00f3n de la Ruta de Bienvenida a la Primavera. La actividad servir\u00e1 adem\u00e1s para llevar a cabo un Encuentro Senderista con el Grupo El Ca\u00f1o de Ca\u00f1averal a trav\u00e9s de un recorrido que enlazar\u00e1 patrimonio, historia y naturaleza, que una vez terminado dar\u00e1 lugar a una convivencia entre Asociaci\u00f3n Andares y El Ca\u00f1o de Ca\u00f1averal. Los participantes se concentraran a las 9:30 en el Parque Municipal Pr\u00edncipe Felipe de Montehermoso, donde se unir\u00e1n ambos grupos.<\/h2>\n<h2>La primera parte del recorrido llevar\u00e1 hasta la Ermita de San Antonio, para luego ir desde all\u00ed hasta la presa de Montehermoso, pasando antes por la Piedra Bollera y el Lagar de Las Chorreras (antiguo molino de aceite). A continuaci\u00f3n la ruta se adentra en un precioso valle de alcornocales para luego ir a la Fuente del Bote. Despu\u00e9s de una breve parada, regresaremos por una zona gran\u00edtica que nos ofrece unas impresionantes vistas panor\u00e1micas de Montehermoso. Esta parte de la dehesa est\u00e1 dominada por alcornoques principalmente. Siguiendo una senda, el valle termina al lado del arroyo del Pez y ahora cruzaremos por unas escaleras que nos llevan hasta el Paseo de San Crist\u00f3bal.<\/h2>\n<h2>Desde aqu\u00ed, nos dirigimos (direcci\u00f3n a la piscina municipal), hasta el Parque Tem\u00e1tico de Extremadura donde realizaremos una visita cultural realizando un peque\u00f1o recorrido que alberga los principales monumentos de Extremadura en miniatura en este bello parque que simula el contorno de nuestra regi\u00f3n. Al terminar la visita iremos a la parte suroeste de la dehesa para completar el recorrido en el cual veremos el Complejo Arqueol\u00f3gico, Puente de Sim\u00f3n Ruano, Pasaderas, Valle y Molino del Jerrao, Laguna del Jerrao y Complejo Etnogr\u00e1fico (Majada de Los Porqueros). Al final tendremos una comida de convivencia para todos los participantes inscritos en la ruta.<\/h2>\n<p>&nbsp;<\/p>\n<p>INFORMA: JUAN RAM\u00d3N NEGRO GAL\u00c1N<\/p>\n<!-- AddThis Advanced Settings generic via filter on the_content --><!-- AddThis Share Buttons generic via filter on the_content -->","protected":false},"excerpt":{"rendered":"<p>Este domingo 18 de marzo, tendr\u00e1 lugar en la localidad cacere\u00f1a de Montehermoso una nueva edici\u00f3n de la Ruta de Bienvenida a la Primavera. La actividad servir\u00e1 adem\u00e1s para llevar a cabo un Encuentro Senderista con el Grupo El Ca\u00f1o de Ca\u00f1averal a trav\u00e9s de un recorrido que enlazar\u00e1 patrimonio, historia y naturaleza, que una [&hellip;]<!-- AddThis Advanced Settings generic via filter on get_the_excerpt --><!-- AddThis Share Buttons generic via filter on get_the_excerpt --><\/p>\n","protected":false},"author":27,"featured_media":0,"comment_status":"open","ping_status":"closed","sticky":false,"template":"","format":"standard","meta":[],"categories":[4],"tags":[121,301,531,651],"_links":{"self":[{"href":"https:\/\/blogs.hoy.es\/senderosextremadura\/wp-json\/wp\/v2\/posts\/227"}],"collection":[{"href":"https:\/\/blogs.hoy.es\/senderosextremadura\/wp-json\/wp\/v2\/posts"}],"about":[{"href":"https:\/\/blogs.hoy.es\/senderosextremadura\/wp-json\/wp\/v2\/types\/post"}],"author":[{"embeddable":true,"href":"https:\/\/blogs.hoy.es\/senderosextremadura\/wp-json\/wp\/v2\/users\/27"}],"replies":[{"embeddable":true,"href":"https:\/\/blogs.hoy.es\/senderosextremadura\/wp-json\/wp\/v2\/comments?post=227"}],"version-history":[{"count":0,"href":"https:\/\/blogs.hoy.es\/senderosextremadura\/wp-json\/wp\/v2\/posts\/227\/revisions"}],"wp:attachment":[{"href":"https:\/\/blogs.hoy.es\/senderosextremadura\/wp-json\/wp\/v2\/media?parent=227"}],"wp:term":[{"taxonomy":"category","embeddable":true,"href":"https:\/\/blogs.hoy.es\/senderosextremadura\/wp-json\/wp\/v2\/categories?post=227"},{"taxonomy":"post_tag","embeddable":true,"href":"https:\/\/blogs.hoy.es\/senderosextremadura\/wp-json\/wp\/v2\/tags?post=227"}],"curies":[{"name":"wp","href":"https:\/\/api.w.org\/{rel}","templated":true}]}}