{"id":2270,"date":"2013-11-25T10:38:59","date_gmt":"2013-11-25T10:38:59","guid":{"rendered":"http:\/\/blogs.hoy.es\/senderosextremadura\/?p=2270"},"modified":"2013-11-25T10:38:59","modified_gmt":"2013-11-25T10:38:59","slug":"tras-los-pasos-del-guerrero-portugues-que-reconquisto-terrenos-de-la-taifa-de-badajoz-30-de-noviembre","status":"publish","type":"post","link":"https:\/\/blogs.hoy.es\/senderosextremadura\/2013\/11\/25\/tras-los-pasos-del-guerrero-portugues-que-reconquisto-terrenos-de-la-taifa-de-badajoz-30-de-noviembre\/","title":{"rendered":"Tras los pasos del guerrero portugu\u00e9s que reconquist\u00f3 terrenos de la Taifa de Badajoz (30 de noviembre)"},"content":{"rendered":"<div id=\"attachment_2273\" style=\"width: 293px\" class=\"wp-caption alignleft\"><a href=\"https:\/\/blogs.hoy.es\/senderosextremadura\/\"><img aria-describedby=\"caption-attachment-2273\" loading=\"lazy\" class=\" wp-image-2273\" title=\"Estatua de Geraldo Geraldes o Sem Pavor, na aldeia de Valverde, \u00c9vora:: WIKIPEDIA\" src=\"\/senderosextremadura\/wp-content\/uploads\/sites\/22\/2013\/11\/GeraldoGeraldesSemPavor2.jpg\" alt=\"\" width=\"283\" height=\"386\" \/><\/a><p id=\"caption-attachment-2273\" class=\"wp-caption-text\">Estatua de Geraldo Geraldes o Sem Pavor, na aldeia de Valverde, \u00c9vora:: WIKIPEDIA<\/p><\/div>\n<p>&nbsp;<\/p>\n<p><span style=\"font-size: medium;\">AMPARO CARRASCO | Hubo un tiempo lejano en el cual un <strong>guerrero portugu\u00e9s<\/strong> conquistaba territorios musulmanes para los reinos cristianos. Un hombre de la frontera, aventurero que desafiaba a la muerte. En la <strong>reconquista del Alentejo<\/strong> y las luchas contra los musulmanes de la <strong>Taifa de Badajoz<\/strong> se le conoci\u00f3 con el nombre de <strong>Geraldo Sem Pavor<\/strong>. Para los historiadores musulmanes era un traidor sin escr\u00fapulos para el bando contrario los cristianos un valiente capit\u00e1n: <em>\u201cfuit giraldus qui dicebatur sine pavore&#8221;<\/em>.<\/span> <span style=\"font-size: medium;\"><!--more--><\/span><\/p>\n<p><span style=\"font-size: medium;\">El pr\u00f3ximo d\u00eda <strong>30 de noviembre, <\/strong>siguiendo los pasos del h\u00e9roe, un grupo de amantes de la historia y del senderismo saldremos de Badajoz a las 9&#8217;00 horas (desde la residencia universitaria de Caja Badajoz, en la carretera de Elvas) hacia <strong>Evoramonte<\/strong>, peque\u00f1o y tranquilo burgo medieval con un original Castillo, donde <strong>Mois\u00e9s Cayetano<\/strong> nos introducir\u00e1 en las leyendas legendarias del caudillo portugu\u00e9s. El siguiente destino ser\u00e1 <strong>\u00c9vora<\/strong>\u00a0 donde iniciamos una ruta peatonal por la calle 5 de octubre , que nos llevar\u00e1 a la c\u00e9ntrica y hermosa <strong>pra\u00e7a do Giraldo<\/strong>, la plaza que recuerda al liberador de la ciudad del dominio \u00e1rabe, <strong>Giraldo Sem Pavor<\/strong>.<\/span><\/p>\n<p><span style=\"font-size: medium;\">Haremos un <strong>recorrido circular<\/strong> <\/span><span style=\"font-size: medium;\"><a href=\"https:\/\/blogs.hoy.es\/senderosextremadura\/\"><img loading=\"lazy\" class=\"alignright  wp-image-2275\" title=\"\" src=\"\/senderosextremadura\/wp-content\/uploads\/sites\/22\/2013\/11\/SEMPAVOR.jpg\" alt=\"\" width=\"261\" height=\"369\" srcset=\"https:\/\/static-blogs.hoy.es\/wp-content\/uploads\/sites\/22\/2013\/11\/SEMPAVOR.jpg 285w, https:\/\/static-blogs.hoy.es\/wp-content\/uploads\/sites\/22\/2013\/11\/SEMPAVOR-212x300.jpg 212w\" sizes=\"(max-width: 261px) 100vw, 261px\" \/><\/a><\/span><span style=\"font-size: medium;\">admirando palacios de hermosas fachadas con arreglos manuelinos, numerosas iglesias de semejante influencia, restos amurallados de la \u00e9poca romana y medieval, abaluartadas, hasta la hora de comer. <\/span><span style=\"font-size: medium;\">La comida ser\u00e1 libre, reuni\u00e9ndonos de nuevo a las 15, 00 iniciaremos el recorrido por <strong>Acueducto Agua da Prata<\/strong>, impresionante construcci\u00f3n hidr\u00e1ulica que transportaba el agua desde los manantiales de Gra\u00e7a do Divor hasta un dep\u00f3sito en la actual plaza de Giraldo, antigua <strong>Pra\u00e7a Grande<\/strong>. Esta ruta nos <\/span><span style=\"font-size: medium;\">tomar\u00e1 el resto de la tarde, hasta que nos parezca oportuno o nos caiga la noche.<\/span><\/p>\n<p><span style=\"font-size: medium;\">Fuente: ARQUEONATUREX<\/span><\/p>\n<!-- AddThis Advanced Settings generic via filter on the_content --><!-- AddThis Share Buttons generic via filter on the_content -->","protected":false},"excerpt":{"rendered":"<p>&nbsp; AMPARO CARRASCO | Hubo un tiempo lejano en el cual un guerrero portugu\u00e9s conquistaba territorios musulmanes para los reinos cristianos. Un hombre de la frontera, aventurero que desafiaba a la muerte. En la reconquista del Alentejo y las luchas contra los musulmanes de la Taifa de Badajoz se le conoci\u00f3 con el nombre de [&hellip;]<!-- AddThis Advanced Settings generic via filter on get_the_excerpt --><!-- AddThis Share Buttons generic via filter on get_the_excerpt --><\/p>\n","protected":false},"author":27,"featured_media":0,"comment_status":"open","ping_status":"closed","sticky":false,"template":"","format":"standard","meta":[],"categories":[4],"tags":[296,297,849,906,909,1035],"_links":{"self":[{"href":"https:\/\/blogs.hoy.es\/senderosextremadura\/wp-json\/wp\/v2\/posts\/2270"}],"collection":[{"href":"https:\/\/blogs.hoy.es\/senderosextremadura\/wp-json\/wp\/v2\/posts"}],"about":[{"href":"https:\/\/blogs.hoy.es\/senderosextremadura\/wp-json\/wp\/v2\/types\/post"}],"author":[{"embeddable":true,"href":"https:\/\/blogs.hoy.es\/senderosextremadura\/wp-json\/wp\/v2\/users\/27"}],"replies":[{"embeddable":true,"href":"https:\/\/blogs.hoy.es\/senderosextremadura\/wp-json\/wp\/v2\/comments?post=2270"}],"version-history":[{"count":0,"href":"https:\/\/blogs.hoy.es\/senderosextremadura\/wp-json\/wp\/v2\/posts\/2270\/revisions"}],"wp:attachment":[{"href":"https:\/\/blogs.hoy.es\/senderosextremadura\/wp-json\/wp\/v2\/media?parent=2270"}],"wp:term":[{"taxonomy":"category","embeddable":true,"href":"https:\/\/blogs.hoy.es\/senderosextremadura\/wp-json\/wp\/v2\/categories?post=2270"},{"taxonomy":"post_tag","embeddable":true,"href":"https:\/\/blogs.hoy.es\/senderosextremadura\/wp-json\/wp\/v2\/tags?post=2270"}],"curies":[{"name":"wp","href":"https:\/\/api.w.org\/{rel}","templated":true}]}}