{"id":2283,"date":"2013-11-27T11:48:10","date_gmt":"2013-11-27T11:48:10","guid":{"rendered":"http:\/\/blogs.hoy.es\/senderosextremadura\/?p=2283"},"modified":"2013-11-27T11:48:10","modified_gmt":"2013-11-27T11:48:10","slug":"travesia-por-los-valles-hurdanos-1-de-diciembre","status":"publish","type":"post","link":"https:\/\/blogs.hoy.es\/senderosextremadura\/2013\/11\/27\/travesia-por-los-valles-hurdanos-1-de-diciembre\/","title":{"rendered":"Traves\u00eda por los valles hurdanos (1 de diciembre)"},"content":{"rendered":"<div id=\"attachment_2285\" style=\"width: 610px\" class=\"wp-caption aligncenter\"><a href=\"https:\/\/blogs.hoy.es\/senderosextremadura\/\"><img aria-describedby=\"caption-attachment-2285\" loading=\"lazy\" class=\"size-large wp-image-2285\" title=\"\" src=\"\/senderosextremadura\/wp-content\/uploads\/sites\/22\/2013\/11\/valle-hurdes.jpg\" alt=\"\" width=\"600\" height=\"450\" srcset=\"https:\/\/static-blogs.hoy.es\/wp-content\/uploads\/sites\/22\/2013\/11\/valle-hurdes.jpg 800w, https:\/\/static-blogs.hoy.es\/wp-content\/uploads\/sites\/22\/2013\/11\/valle-hurdes-300x225.jpg 300w, https:\/\/static-blogs.hoy.es\/wp-content\/uploads\/sites\/22\/2013\/11\/valle-hurdes-768x576.jpg 768w, https:\/\/static-blogs.hoy.es\/wp-content\/uploads\/sites\/22\/2013\/11\/valle-hurdes-600x450.jpg 600w\" sizes=\"(max-width: 600px) 100vw, 600px\" \/><\/a><p id=\"caption-attachment-2285\" class=\"wp-caption-text\">Imagen de la traves\u00eda realizada el a\u00f1o pasado:: MONTA\u00d1EROS DE MONFRAG\u00dcE<\/p><\/div>\n<p><a href=\"http:\/\/montanerosmonfrague.es\/\" target=\"_blank\" rel=\"external nofollow\"><strong>Monta\u00f1eros de Monfrag\u00fce<\/strong><\/a> realizar\u00e1 este pr\u00f3ximo 1 de diciembre la <strong>Traves\u00eda de los Valles Hurdanos<\/strong>, m\u00e1s conocida como <strong>Ruta de Alfonso XIII<\/strong>. La marcha por la comarca del norte de C\u00e1ceres discurrir\u00e1 entre Casares de las Hurdes y Las Mestas, pasando por distintas localidades.<!--more--><\/p>\n<p>Los monta\u00f1eros saldr\u00e1n del aparcamiento de buses de Obispo Galarza, en C\u00e1ceres,\u00a0 a las 6:30 horas, por la distancia a la que se encuentran Las Hurdes. El recorrido es de unos 24 Km con 1.000 metros de ascenso. Se sale de Casares de las Hurdes y se pasa por Riomalo de Arriba, Ladrillar, Cabezo,\u00a0 finalizando en Las Mestas.<\/p>\n<div>Pueden apuntarse tambi\u00e9n no socios acudiendo a la sede en la calle San Jos\u00e9, 8, pasaje, junto al aparcamiento de autobuses de Obispo Galarza, C\u00e1ceres.<\/div>\n<div><\/div>\n<div>M\u00e1s informaci\u00f3n en la web <a href=\"http:\/\/montanerosmonfrague.es\" target=\"_blank\" rel=\"external nofollow\">montanerosmonfrague.es<\/a><\/div>\n<p>&nbsp;<\/p>\n<p>Hora y Lugar de salida: 6:30 horas. Aparcamiento de autobuses plaza Obispo Galarza<\/p>\n<p>Desarrollo de la actividad: Casares de las Hurdes- Riomalo de Arriba- Ladrillar- Cabezo- Las Mestas<\/p>\n<div>\n<p>Material: Ropa de abrigo, botas, gorra, chubasquero, bastones&#8230;<\/p>\n<\/div>\n<p>Nivel de dificultad:\u00a03 <a href=\"http:\/\/montanerosmonfrague.es\/tecnica\/escala.html\" target=\"_blank\" rel=\"external nofollow\">(consultar niveles)<\/a><\/p>\n<p>Observaciones:\u00a0Es un recorrido\u00a0de aproximadamente 24 Km, con unos 1.000 metros de ascenso<\/p>\n<p><a href=\"http:\/\/es.wikiloc.com\/wikiloc\/view.do?id=4318283\" target=\"_blank\" rel=\"external nofollow\">M\u00e1s Informaci\u00f3n\u00a0 sobre la ruta<\/a> (Wikiloc)<\/p>\n<!-- AddThis Advanced Settings generic via filter on the_content --><!-- AddThis Share Buttons generic via filter on the_content -->","protected":false},"excerpt":{"rendered":"<p>Monta\u00f1eros de Monfrag\u00fce realizar\u00e1 este pr\u00f3ximo 1 de diciembre la Traves\u00eda de los Valles Hurdanos, m\u00e1s conocida como Ruta de Alfonso XIII. La marcha por la comarca del norte de C\u00e1ceres discurrir\u00e1 entre Casares de las Hurdes y Las Mestas, pasando por distintas localidades.<!-- AddThis Advanced Settings generic via filter on get_the_excerpt --><!-- AddThis Share Buttons generic via filter on get_the_excerpt --><\/p>\n","protected":false},"author":27,"featured_media":0,"comment_status":"open","ping_status":"closed","sticky":false,"template":"","format":"standard","meta":[],"categories":[4],"tags":[121,526,529,836,856,906,1035],"_links":{"self":[{"href":"https:\/\/blogs.hoy.es\/senderosextremadura\/wp-json\/wp\/v2\/posts\/2283"}],"collection":[{"href":"https:\/\/blogs.hoy.es\/senderosextremadura\/wp-json\/wp\/v2\/posts"}],"about":[{"href":"https:\/\/blogs.hoy.es\/senderosextremadura\/wp-json\/wp\/v2\/types\/post"}],"author":[{"embeddable":true,"href":"https:\/\/blogs.hoy.es\/senderosextremadura\/wp-json\/wp\/v2\/users\/27"}],"replies":[{"embeddable":true,"href":"https:\/\/blogs.hoy.es\/senderosextremadura\/wp-json\/wp\/v2\/comments?post=2283"}],"version-history":[{"count":0,"href":"https:\/\/blogs.hoy.es\/senderosextremadura\/wp-json\/wp\/v2\/posts\/2283\/revisions"}],"wp:attachment":[{"href":"https:\/\/blogs.hoy.es\/senderosextremadura\/wp-json\/wp\/v2\/media?parent=2283"}],"wp:term":[{"taxonomy":"category","embeddable":true,"href":"https:\/\/blogs.hoy.es\/senderosextremadura\/wp-json\/wp\/v2\/categories?post=2283"},{"taxonomy":"post_tag","embeddable":true,"href":"https:\/\/blogs.hoy.es\/senderosextremadura\/wp-json\/wp\/v2\/tags?post=2283"}],"curies":[{"name":"wp","href":"https:\/\/api.w.org\/{rel}","templated":true}]}}