{"id":230,"date":"2012-03-16T18:38:13","date_gmt":"2012-03-16T18:38:13","guid":{"rendered":"http:\/\/blogs.hoy.es\/senderosextremadura\/?p=230"},"modified":"2012-03-16T18:38:13","modified_gmt":"2012-03-16T18:38:13","slug":"ruta-transfrontera-por-valencia-de-alcantara-1-de-abril","status":"publish","type":"post","link":"https:\/\/blogs.hoy.es\/senderosextremadura\/2012\/03\/16\/ruta-transfrontera-por-valencia-de-alcantara-1-de-abril\/","title":{"rendered":"Ruta Transfrontera por Valencia de Alc\u00e1ntara (1 de abril)"},"content":{"rendered":"<h2><a href=\"\/senderosextremadura\/wp-content\/uploads\/sites\/22\/2012\/03\/transfontera.jpg\"><img loading=\"lazy\" class=\"alignleft size-full wp-image-231\" title=\"transfontera\" src=\"\/senderosextremadura\/wp-content\/uploads\/sites\/22\/2012\/03\/transfontera.jpg\" alt=\"\" width=\"389\" height=\"631\" srcset=\"https:\/\/static-blogs.hoy.es\/wp-content\/uploads\/sites\/22\/2012\/03\/transfontera.jpg 400w, https:\/\/static-blogs.hoy.es\/wp-content\/uploads\/sites\/22\/2012\/03\/transfontera-185x300.jpg 185w\" sizes=\"(max-width: 389px) 100vw, 389px\" \/><\/a>El pr\u00f3ximo domingo, d\u00eda 1 de abril tendr\u00e1 lugar en la Campi\u00f1a de Valencia de Alc\u00e1ntara una nueva edici\u00f3n de la ruta de senderismo \u201cTransfrontera\u201d, organizada por el Ayuntamiento de Valencia de Alc\u00e1ntara, en colaboraci\u00f3n con la Mancomunidad Sierra de San Pedro, la Diputaci\u00f3n Provincial de C\u00e1ceres, el Gobierno de Extremadura y la Federaci\u00f3n Extreme\u00f1a de Monta\u00f1a y Escalada, a trav\u00e9s de la marca promocional Alimentos de Extremadura, adem\u00e1s de entidades p\u00fablicas y privadas locales.<\/h2>\n<h2>La marcha, de 25 Km. de longitud y una duraci\u00f3n estimada de seis horas, celebrar\u00e1 este a\u00f1o su decimotercera edici\u00f3n, consolid\u00e1ndose como una de las rutas de senderismo de Extremadura, que adem\u00e1s de dar a conocer los paisajes y caminos de los caser\u00edos fronterizos de la Campi\u00f1a de Valencia de Alc\u00e1ntara, tambi\u00e9n nos da la opci\u00f3n de explorar el rico patrimonio cultural de la zona, como los d\u00f3lmenes, la arquitectura tradicional y el resto de elementos patrimoniales que se pueden visitar en Valencia de Alc\u00e1ntara<\/h2>\n<h2><strong>Itinerario<\/strong><\/h2>\n<h2>Sobre las nueve de la ma\u00f1ana, la expedici\u00f3n saldr\u00e1 del Albergue Santa Mar\u00eda de Guadalupe, a unos 10 km de Valencia de Alc\u00e1ntara, para recorrer varios t\u00e9rminos de la raya y concluir de nuevo en el propio albergue. La primera referencia en el camino en plena raya con Portugal, son las Casas de la Duda, a las que se accede cruzando la rivera del Jola, antes de llegar al Caser\u00edo de El Pino. La siguiente rese\u00f1a es el Cortijo de la Paja, l\u00edmite sur de la Campi\u00f1a de Valencia de Alc\u00e1ntara.<\/h2>\n<h2>A continuaci\u00f3n, la marcha transcurre por la pedan\u00eda de Jola, poblaci\u00f3n rodeada de laboriosas huertas en torno al arroyo que lleva su mismo nombre. El paraje del Jiniebro, situado a los pies del Puerto de Aguas Claras, es el enclave pr\u00f3ximo que encontramos. Un kil\u00f3metro m\u00e1s adelante se cruza la poblaci\u00f3n de La Ace\u00f1a de la Borrega y ascendiendo 2.000 metros m\u00e1s, a la derecha del camino, se deja\u00a0 El Dolmen de Los Mellizos, uno de los mejor conservados de la comarca.<\/h2>\n<h2>Casi un kil\u00f3metro despu\u00e9s, a trescientos metros de la ruta se\u00f1alizada, se pueden contemplar otros dos d\u00f3lmenes: Data I y Data II. En el kil\u00f3metro 23.5 se halla, de nuevo,\u00a0 El Pino, referencia ya conocida. Por \u00faltimo, tras un kil\u00f3metro y medio m\u00e1s de recorrido, se pone fin a la marcha, en el citado albergue.<\/h2>\n<h2>Los interesados en participar en este encuentro entre naturaleza y deporte, podr\u00e1n inscribirse en la Oficina de Turismo, tel\u00e9fono y fax: 927 58 21 84, e-mail: <a href=\"mailto:turismo@valenciadealcantara.es\"><strong>turismo@valenciadealcantara.es<\/strong><\/a>, o en el lugar de salida el mismo d\u00eda de la Marcha<\/h2>\n<h2><\/h2>\n<!-- AddThis Advanced Settings generic via filter on the_content --><!-- AddThis Share Buttons generic via filter on the_content -->","protected":false},"excerpt":{"rendered":"<p>El pr\u00f3ximo domingo, d\u00eda 1 de abril tendr\u00e1 lugar en la Campi\u00f1a de Valencia de Alc\u00e1ntara una nueva edici\u00f3n de la ruta de senderismo \u201cTransfrontera\u201d, organizada por el Ayuntamiento de Valencia de Alc\u00e1ntara, en colaboraci\u00f3n con la Mancomunidad Sierra de San Pedro, la Diputaci\u00f3n Provincial de C\u00e1ceres, el Gobierno de Extremadura y la Federaci\u00f3n Extreme\u00f1a [&hellip;]<!-- AddThis Advanced Settings generic via filter on get_the_excerpt --><!-- AddThis Share Buttons generic via filter on get_the_excerpt --><\/p>\n","protected":false},"author":27,"featured_media":0,"comment_status":"open","ping_status":"closed","sticky":false,"template":"","format":"standard","meta":[],"categories":[4],"tags":[23,121,301,386,466,672,713,1026,1054],"_links":{"self":[{"href":"https:\/\/blogs.hoy.es\/senderosextremadura\/wp-json\/wp\/v2\/posts\/230"}],"collection":[{"href":"https:\/\/blogs.hoy.es\/senderosextremadura\/wp-json\/wp\/v2\/posts"}],"about":[{"href":"https:\/\/blogs.hoy.es\/senderosextremadura\/wp-json\/wp\/v2\/types\/post"}],"author":[{"embeddable":true,"href":"https:\/\/blogs.hoy.es\/senderosextremadura\/wp-json\/wp\/v2\/users\/27"}],"replies":[{"embeddable":true,"href":"https:\/\/blogs.hoy.es\/senderosextremadura\/wp-json\/wp\/v2\/comments?post=230"}],"version-history":[{"count":0,"href":"https:\/\/blogs.hoy.es\/senderosextremadura\/wp-json\/wp\/v2\/posts\/230\/revisions"}],"wp:attachment":[{"href":"https:\/\/blogs.hoy.es\/senderosextremadura\/wp-json\/wp\/v2\/media?parent=230"}],"wp:term":[{"taxonomy":"category","embeddable":true,"href":"https:\/\/blogs.hoy.es\/senderosextremadura\/wp-json\/wp\/v2\/categories?post=230"},{"taxonomy":"post_tag","embeddable":true,"href":"https:\/\/blogs.hoy.es\/senderosextremadura\/wp-json\/wp\/v2\/tags?post=230"}],"curies":[{"name":"wp","href":"https:\/\/api.w.org\/{rel}","templated":true}]}}