{"id":2304,"date":"2013-12-04T20:47:31","date_gmt":"2013-12-04T20:47:31","guid":{"rendered":"http:\/\/blogs.hoy.es\/senderosextremadura\/?p=2304"},"modified":"2013-12-04T20:47:31","modified_gmt":"2013-12-04T20:47:31","slug":"la-ruta-de-alfonso-onceno-para-terminar-el-calendario-2013-8-de-diciembre","status":"publish","type":"post","link":"https:\/\/blogs.hoy.es\/senderosextremadura\/2013\/12\/04\/la-ruta-de-alfonso-onceno-para-terminar-el-calendario-2013-8-de-diciembre\/","title":{"rendered":"La ruta de Alfonso Onceno para terminar el calendario 2013 (8 de diciembre)"},"content":{"rendered":"<p><a href=\"https:\/\/blogs.hoy.es\/senderosextremadura\/2013\/12\/04\/la-ruta-de-alfonso-onceno-para-terminar-el-calendario-2013-8-de-diciembre\/viejas-2\/\" rel=\"attachment wp-att-2308\"><img loading=\"lazy\" class=\"aligncenter size-large wp-image-2308\" title=\"\" src=\"\/senderosextremadura\/wp-content\/uploads\/sites\/22\/2013\/12\/viejas.jpg\" alt=\"\" width=\"600\" height=\"450\" srcset=\"https:\/\/static-blogs.hoy.es\/wp-content\/uploads\/sites\/22\/2013\/12\/viejas.jpg 760w, https:\/\/static-blogs.hoy.es\/wp-content\/uploads\/sites\/22\/2013\/12\/viejas-300x225.jpg 300w, https:\/\/static-blogs.hoy.es\/wp-content\/uploads\/sites\/22\/2013\/12\/viejas-600x450.jpg 600w\" sizes=\"(max-width: 600px) 100vw, 600px\" \/><\/a><\/p>\n<p><a href=\"http:\/\/www.hoy.es\/multimedia\/fotos\/regional\/119140-ruta-alfonso-onceno-0.html\" rel=\"external nofollow\"><strong>VER M\u00c1S IM\u00c1GENES DE LA RUTA<\/strong><\/a><\/p>\n<p>El <a href=\"http:\/\/www.senderismoemeritaaugusta.com\/\" rel=\"external nofollow\"><strong>club senderista Em\u00e9rita Augusta<\/strong><\/a> ha programado su \u00faltima ruta del a\u00f1o. Pretenden pasar una buen jornada para dejar mejor sabor de boca y estupendos recuerdos de todo el a\u00f1o, y cumplir de paso con la tradici\u00f3n de visitar a la Patrona de Extremadura, la Virgen de Guadalupe. Para ello han programado la<a href=\"http:\/\/www.hoy.es\/multimedia\/fotos\/regional\/119140-ruta-alfonso-onceno-0.html\" rel=\"external nofollow\"><strong> cl\u00e1sica ruta de Alfonso Onceno<\/strong><\/a> (FOTOS), preciosa traves\u00eda en plena <strong>comarca de Las Villuercas<\/strong> entre las localidades de <strong>Navezuelas y La Puebla de Guadalupe<\/strong>. Con un recorrido total de 18\u00a0 kil\u00f3metros. <!--more--><\/p>\n<div id=\"attachment_2307\" style=\"width: 310px\" class=\"wp-caption alignright\"><a href=\"https:\/\/blogs.hoy.es\/senderosextremadura\/\"><img aria-describedby=\"caption-attachment-2307\" loading=\"lazy\" class=\"size-full wp-image-2307\" title=\"\" src=\"\/senderosextremadura\/wp-content\/uploads\/sites\/22\/2013\/12\/Guadalaupe-2013-tablon1.jpg\" alt=\"\" width=\"300\" height=\"400\" srcset=\"https:\/\/static-blogs.hoy.es\/wp-content\/uploads\/sites\/22\/2013\/12\/Guadalaupe-2013-tablon1.jpg 300w, https:\/\/static-blogs.hoy.es\/wp-content\/uploads\/sites\/22\/2013\/12\/Guadalaupe-2013-tablon1-225x300.jpg 225w\" sizes=\"(max-width: 300px) 100vw, 300px\" \/><\/a><p id=\"caption-attachment-2307\" class=\"wp-caption-text\">Imagen de la ruta:: CLUB EM\u00c9RITA AUGUSTA<\/p><\/div>\n<p>En estas sierras el Rey Alfonso XI, y seg\u00fan su libro de monteria de 1.341, sol\u00eda cazar osos y otros animales. Iniciamos la ruta en subida a la salida, hasta alcanzar el <strong>Collado de la Pariera<\/strong> al pi\u00e9 del <strong>Cerro Carpintero,<\/strong> de 1269 metros, el paisaje es fant\u00e1stico tendremos a nuestra izquierda la <strong>sierras de Las Acebadillas y Viejas<\/strong>, y\u00a0 entre robles, casta\u00f1os y helechos de una altura poco com\u00fan con un color de cobre exageradamente precioso llegaremos al <strong>Collado de los ajos<\/strong>, donde en bajada cruzamos un peque\u00f1o puente de madera que cruza el r\u00edo Viejas en pleno Valle del mismo nombre, lugar ideal para descansar y reponer fuerzas, desde aqu\u00ed y en ligera subida iremos viendo a nuestra derecha preciosas panor\u00e1micas del <strong>Pico Villuercas<\/strong>\u00a0 el m\u00e1s alto de los Montes de Toledo 1600 metros hasta alcanzar el <strong>Collado de las Arenas<\/strong>, 1274 metros, justo al lado de la antigua carretera que sube al pico y al antiguo destacamento militar de comunicaciones.<\/p>\n<p>Las personas que lo deseen pueden visitar el <strong>Pozo de las Nieves<\/strong>, construido por los monjes del Monasterio de Guadalupe, desde aqu\u00ed se divisan los valles del Ruecas y del Viejas, espectaculares vistas. Desde este collado el de Las Arenas solo queda bajar por senda bien marcada hasta la <strong>ermita del Humilladero<\/strong> , magn\u00edfico ejemplar de Mud\u00e9jar, lugar destinado para la parada de los peregrinos que ven\u00edan del norte. En este punto 12,5 Km. se encontrar\u00e1 el autob\u00fas por si alguna persona quisiera abandonar la ruta, desde aqu\u00ed y con Guadalupe a la vista paralela a la carretera sale un camino que entra en la localidad por el bonito barrio de San Jos\u00e9 Obrero, final de la ruta.<\/p>\n<p>Guadalupe, como todos sabemos, goza de una <strong>gran oferta gastron\u00f3mica<\/strong>, teniendo la oportunidad de degustar sus productos t\u00edpicos, entre otros la <strong>famosas morcilla<\/strong> y la tapa de bacalao. Tambi\u00e9n pueden sumarse acompa\u00f1antes de los senderistas para pasar la ma\u00f1ana en Guadalupe y tras el final de la ruta tapear juntos. Posteriormente y ya en la parte tur\u00edstica, se puede visitar el Monasterio, y el famoso y vistoso Bel\u00e9n de Guadalupe, antes de regresar a M\u00e9rida.<\/p>\n<p><a href=\"http:\/\/www.senderismoemeritaaugusta.com\/clubsenderismoemerita\/informacion%20rutas\/Guadalupe%202013.html\" rel=\"external nofollow\">M\u00e1s informaci\u00f3n en la web del club<\/a><\/p>\n<p>&nbsp;<\/p>\n<table width=\"100%\" cellspacing=\"3\" align=\"center\">\n<tbody>\n<tr>\n<td align=\"left\" valign=\"middle\" bgcolor=\"#333333\" width=\"50%\">Horario &#8211; De 4 A 4,30 horas aproximadamente<\/td>\n<td align=\"left\" valign=\"middle\" bgcolor=\"#333333\" width=\"50%\"><img loading=\"lazy\" src=\"\/\/www.senderismoemeritaaugusta.com\/clubsenderismoemerita\/imagenes\/leyenda%20mide\/severidad.jpg\" alt=\"\" width=\"30\" height=\"30\" align=\"absmiddle\" \/> Severidad del medio natural &#8211; 2<\/td>\n<\/tr>\n<tr>\n<td align=\"left\" valign=\"middle\" bgcolor=\"#333333\" width=\"50%\"><img loading=\"lazy\" src=\"\/\/www.senderismoemeritaaugusta.com\/clubsenderismoemerita\/imagenes\/leyenda%20mide\/subida.jpg\" alt=\"\" width=\"30\" height=\"30\" align=\"absmiddle\" \/> Desnivel de subida &#8211; 599 m. acumulados<\/td>\n<td align=\"left\" valign=\"middle\" bgcolor=\"#333333\" width=\"50%\"><img loading=\"lazy\" src=\"\/\/www.senderismoemeritaaugusta.com\/clubsenderismoemerita\/imagenes\/leyenda%20mide\/orientacion.jpg\" alt=\"\" width=\"30\" height=\"30\" align=\"absmiddle\" \/> Orientaci\u00f3n en el itinerario &#8211; 2<\/td>\n<\/tr>\n<tr>\n<td align=\"left\" valign=\"middle\" bgcolor=\"#333333\" width=\"50%\"><img loading=\"lazy\" src=\"\/\/www.senderismoemeritaaugusta.com\/clubsenderismoemerita\/imagenes\/leyenda%20mide\/bajada.jpg\" alt=\"\" width=\"30\" height=\"30\" align=\"absmiddle\" \/> Desnivel de bajada &#8211; 817 m. acumulados<\/td>\n<td align=\"left\" valign=\"middle\" bgcolor=\"#333333\" width=\"50%\"><img loading=\"lazy\" src=\"\/\/www.senderismoemeritaaugusta.com\/clubsenderismoemerita\/imagenes\/leyenda%20mide\/dificultadDesplazamiento.jpg\" alt=\"\" width=\"30\" height=\"30\" align=\"absmiddle\" \/> Dificultad en el desplazamiento &#8211; 2<\/td>\n<\/tr>\n<tr>\n<td align=\"left\" valign=\"middle\" bgcolor=\"#333333\" width=\"50%\"><img loading=\"lazy\" src=\"\/\/www.senderismoemeritaaugusta.com\/clubsenderismoemerita\/imagenes\/leyenda%20mide\/horizontal.jpg\" alt=\"\" width=\"30\" height=\"30\" align=\"absmiddle\" \/> Distancia horizontal &#8211; 16.550 Km.<\/td>\n<td align=\"left\" valign=\"middle\" bgcolor=\"#333333\" width=\"50%\"><img loading=\"lazy\" src=\"\/\/www.senderismoemeritaaugusta.com\/clubsenderismoemerita\/imagenes\/leyenda%20mide\/esfuerzo.jpg\" alt=\"\" width=\"30\" height=\"30\" align=\"absmiddle\" \/> Cantidad de esfuerzo necesario &#8211; 3<\/td>\n<\/tr>\n<tr>\n<td align=\"left\" valign=\"middle\" bgcolor=\"#333333\" width=\"50%\"><img loading=\"lazy\" src=\"\/\/www.senderismoemeritaaugusta.com\/clubsenderismoemerita\/imagenes\/leyenda%20mide\/tiporRecorrido.jpg\" alt=\"\" width=\"30\" height=\"30\" align=\"absmiddle\" \/> Tipo de recorrido &#8211; Travesia<\/td>\n<\/tr>\n<\/tbody>\n<\/table>\n<!-- AddThis Advanced Settings generic via filter on the_content --><!-- AddThis Share Buttons generic via filter on the_content -->","protected":false},"excerpt":{"rendered":"<p>VER M\u00c1S IM\u00c1GENES DE LA RUTA El club senderista Em\u00e9rita Augusta ha programado su \u00faltima ruta del a\u00f1o. Pretenden pasar una buen jornada para dejar mejor sabor de boca y estupendos recuerdos de todo el a\u00f1o, y cumplir de paso con la tradici\u00f3n de visitar a la Patrona de Extremadura, la Virgen de Guadalupe. Para [&hellip;]<!-- AddThis Advanced Settings generic via filter on get_the_excerpt --><!-- AddThis Share Buttons generic via filter on get_the_excerpt --><\/p>\n","protected":false},"author":27,"featured_media":0,"comment_status":"open","ping_status":"closed","sticky":false,"template":"","format":"standard","meta":[],"categories":[4],"tags":[],"_links":{"self":[{"href":"https:\/\/blogs.hoy.es\/senderosextremadura\/wp-json\/wp\/v2\/posts\/2304"}],"collection":[{"href":"https:\/\/blogs.hoy.es\/senderosextremadura\/wp-json\/wp\/v2\/posts"}],"about":[{"href":"https:\/\/blogs.hoy.es\/senderosextremadura\/wp-json\/wp\/v2\/types\/post"}],"author":[{"embeddable":true,"href":"https:\/\/blogs.hoy.es\/senderosextremadura\/wp-json\/wp\/v2\/users\/27"}],"replies":[{"embeddable":true,"href":"https:\/\/blogs.hoy.es\/senderosextremadura\/wp-json\/wp\/v2\/comments?post=2304"}],"version-history":[{"count":0,"href":"https:\/\/blogs.hoy.es\/senderosextremadura\/wp-json\/wp\/v2\/posts\/2304\/revisions"}],"wp:attachment":[{"href":"https:\/\/blogs.hoy.es\/senderosextremadura\/wp-json\/wp\/v2\/media?parent=2304"}],"wp:term":[{"taxonomy":"category","embeddable":true,"href":"https:\/\/blogs.hoy.es\/senderosextremadura\/wp-json\/wp\/v2\/categories?post=2304"},{"taxonomy":"post_tag","embeddable":true,"href":"https:\/\/blogs.hoy.es\/senderosextremadura\/wp-json\/wp\/v2\/tags?post=2304"}],"curies":[{"name":"wp","href":"https:\/\/api.w.org\/{rel}","templated":true}]}}