{"id":2309,"date":"2013-12-06T10:01:00","date_gmt":"2013-12-06T10:01:00","guid":{"rendered":"http:\/\/blogs.hoy.es\/senderosextremadura\/?p=2309"},"modified":"2013-12-06T10:01:00","modified_gmt":"2013-12-06T10:01:00","slug":"septima-edicion-de-los-doce-apostoles-29-de-diciembre","status":"publish","type":"post","link":"https:\/\/blogs.hoy.es\/senderosextremadura\/2013\/12\/06\/septima-edicion-de-los-doce-apostoles-29-de-diciembre\/","title":{"rendered":"S\u00e9ptima edici\u00f3n de &#039;Los Doce Ap\u00f3stoles&#039; (29 de diciembre)"},"content":{"rendered":"<h3><a href=\"https:\/\/blogs.hoy.es\/senderosextremadura\/2013\/12\/06\/septima-edicion-de-los-doce-apostoles-29-de-diciembre\/doceapostolesn\/\" rel=\"attachment wp-att-2310\"><img loading=\"lazy\" class=\"alignleft  wp-image-2310\" title=\"\" src=\"\/senderosextremadura\/wp-content\/uploads\/sites\/22\/2013\/12\/DOCEAPOSTOLESn.jpg\" alt=\"\" width=\"336\" height=\"501\" srcset=\"https:\/\/static-blogs.hoy.es\/wp-content\/uploads\/sites\/22\/2013\/12\/DOCEAPOSTOLESn.jpg 642w, https:\/\/static-blogs.hoy.es\/wp-content\/uploads\/sites\/22\/2013\/12\/DOCEAPOSTOLESn-201x300.jpg 201w, https:\/\/static-blogs.hoy.es\/wp-content\/uploads\/sites\/22\/2013\/12\/DOCEAPOSTOLESn-600x897.jpg 600w\" sizes=\"(max-width: 336px) 100vw, 336px\" \/><\/a>Un a\u00f1o m\u00e1s de senderismo, desde que en 2007 se iniciara esta marcha, la ruta de los &#8216;Los Doce Ap\u00f3stoles&#8217; ha sido un punto de encuentro de cientos de aficionados al senderismo en Extremadura. Esta es la s\u00e9ptima edici\u00f3n de una actividad totalmente consolidada.<\/h3>\n<h3>A\u00f1o tras a\u00f1o ha ido aumentando el n\u00famero de participantes hasta alcanzar 530 en 2012. Una maravillosa ruta por un enclave singular que pone en valor la importancia de la dehesa extreme\u00f1a.<\/h3>\n<h3>El club &#8216;El encinar&#8217; de Salvale\u00f3n nos invita a participar el pr\u00f3ximo 29 de diciembre en este recorrido por los paisajes naturales de la localidad pacense.<\/h3>\n<p>&nbsp;<\/p>\n<p>Para m\u00e1s informaci\u00f3n e inscripciones, consulta la <a href=\"http:\/\/www.senderismosalvaleon.blogspot.com.es\/\" rel=\"external nofollow\"><strong>web del club<\/strong> <\/a><\/p>\n<h2><\/h2>\n<!-- AddThis Advanced Settings generic via filter on the_content --><!-- AddThis Share Buttons generic via filter on the_content -->","protected":false},"excerpt":{"rendered":"<p>Un a\u00f1o m\u00e1s de senderismo, desde que en 2007 se iniciara esta marcha, la ruta de los &#8216;Los Doce Ap\u00f3stoles&#8217; ha sido un punto de encuentro de cientos de aficionados al senderismo en Extremadura. Esta es la s\u00e9ptima edici\u00f3n de una actividad totalmente consolidada. A\u00f1o tras a\u00f1o ha ido aumentando el n\u00famero de participantes hasta [&hellip;]<!-- AddThis Advanced Settings generic via filter on get_the_excerpt --><!-- AddThis Share Buttons generic via filter on get_the_excerpt --><\/p>\n","protected":false},"author":27,"featured_media":0,"comment_status":"open","ping_status":"closed","sticky":false,"template":"","format":"standard","meta":[],"categories":[4],"tags":[],"_links":{"self":[{"href":"https:\/\/blogs.hoy.es\/senderosextremadura\/wp-json\/wp\/v2\/posts\/2309"}],"collection":[{"href":"https:\/\/blogs.hoy.es\/senderosextremadura\/wp-json\/wp\/v2\/posts"}],"about":[{"href":"https:\/\/blogs.hoy.es\/senderosextremadura\/wp-json\/wp\/v2\/types\/post"}],"author":[{"embeddable":true,"href":"https:\/\/blogs.hoy.es\/senderosextremadura\/wp-json\/wp\/v2\/users\/27"}],"replies":[{"embeddable":true,"href":"https:\/\/blogs.hoy.es\/senderosextremadura\/wp-json\/wp\/v2\/comments?post=2309"}],"version-history":[{"count":0,"href":"https:\/\/blogs.hoy.es\/senderosextremadura\/wp-json\/wp\/v2\/posts\/2309\/revisions"}],"wp:attachment":[{"href":"https:\/\/blogs.hoy.es\/senderosextremadura\/wp-json\/wp\/v2\/media?parent=2309"}],"wp:term":[{"taxonomy":"category","embeddable":true,"href":"https:\/\/blogs.hoy.es\/senderosextremadura\/wp-json\/wp\/v2\/categories?post=2309"},{"taxonomy":"post_tag","embeddable":true,"href":"https:\/\/blogs.hoy.es\/senderosextremadura\/wp-json\/wp\/v2\/tags?post=2309"}],"curies":[{"name":"wp","href":"https:\/\/api.w.org\/{rel}","templated":true}]}}