{"id":2315,"date":"2013-12-10T19:33:02","date_gmt":"2013-12-10T19:33:02","guid":{"rendered":"http:\/\/blogs.hoy.es\/senderosextremadura\/?p=2315"},"modified":"2013-12-10T19:33:02","modified_gmt":"2013-12-10T19:33:02","slug":"entre-castelo-de-vide-y-marvao-15-de-diciembre","status":"publish","type":"post","link":"https:\/\/blogs.hoy.es\/senderosextremadura\/2013\/12\/10\/entre-castelo-de-vide-y-marvao-15-de-diciembre\/","title":{"rendered":"Entre Castelo de Vide y Marvao (15 de diciembre)"},"content":{"rendered":"<p><a href=\"https:\/\/blogs.hoy.es\/senderosextremadura\/2013\/12\/10\/entre-castelo-de-vide-y-marvao-15-de-diciembre\/castelo\/\" rel=\"attachment wp-att-2316\"><img loading=\"lazy\" class=\"alignright  wp-image-2316\" title=\"\" src=\"\/senderosextremadura\/wp-content\/uploads\/sites\/22\/2013\/12\/castelo.jpg\" alt=\"\" width=\"352\" height=\"497\" srcset=\"https:\/\/static-blogs.hoy.es\/wp-content\/uploads\/sites\/22\/2013\/12\/castelo.jpg 679w, https:\/\/static-blogs.hoy.es\/wp-content\/uploads\/sites\/22\/2013\/12\/castelo-212x300.jpg 212w, https:\/\/static-blogs.hoy.es\/wp-content\/uploads\/sites\/22\/2013\/12\/castelo-600x848.jpg 600w\" sizes=\"(max-width: 352px) 100vw, 352px\" \/><\/a><\/p>\n<p>El <strong>Club extreme\u00f1o GR100<\/strong> prepara su \u00faltima ruta del a\u00f1o. Tendr\u00e1 lugar el pr\u00f3ximo 15 de diciembre y consistir\u00e1 en una marcha senderista de 12 kil\u00f3metros entre las hist\u00f3ricas localidades portuguesas de <strong>Marvao <\/strong>y<strong> Castelo de Vide<\/strong>, en la raya alentejana. Las salidas est\u00e1n programadas desde C\u00e1ceres y Badajoz.\u00a0 Junto con todos los asistentes celebrar\u00e1n la comida navide\u00f1a del club en el restaurante Dom Pedro V de Castelo de Vide. El coste de la actividad es de 30 euros e incluye: autob\u00fas , seguros y comida navide\u00f1a.<\/p>\n<p>INSCRIPCI\u00d3N ONLINE:<br \/>\n<a href=\"http:\/\/www.reunalia.com\/8520180\" rel=\"nofollow external\" target=\"_blank\">http:\/\/www.reunalia.com\/8520180<\/a><\/p>\n<p>M\u00c1S INFORMACI\u00d3N EN:<br \/>\n<a href=\"http:\/\/www.facebook.com\/l.php?u=http%3A%2F%2Fwww.clubgr100.com%2Fmodulos%2Fmod_periodico%2Fpub%2Fmostrar_noticia.php%3Fid%3D140&#038;h=wAQEmVaEq&#038;enc=AZPtXRzsoFE8KSPx45SMOmN9oB8SdUAZZS5TOzAZS38eFNR6jsHMTaDWlW2q1eKBH-liiSkBk_06gmjgsj0OjxKbSsvPQDJWeincDLWOTvynJz4PPUhmJZ0WuX7rdlq4PJwJK4ZWg76mPWKp9V_H0eJ9&#038;s=1\" rel=\"nofollow external\" target=\"_blank\">http:\/\/www.clubgr100.com\/<wbr>modulos\/mod_periodico\/pub\/<wbr>mostrar_noticia.php?id=140<\/wbr><\/wbr><\/a><\/p>\n<!-- AddThis Advanced Settings generic via filter on the_content --><!-- AddThis Share Buttons generic via filter on the_content -->","protected":false},"excerpt":{"rendered":"<p>El Club extreme\u00f1o GR100 prepara su \u00faltima ruta del a\u00f1o. Tendr\u00e1 lugar el pr\u00f3ximo 15 de diciembre y consistir\u00e1 en una marcha senderista de 12 kil\u00f3metros entre las hist\u00f3ricas localidades portuguesas de Marvao y Castelo de Vide, en la raya alentejana. Las salidas est\u00e1n programadas desde C\u00e1ceres y Badajoz.\u00a0 Junto con todos los asistentes celebrar\u00e1n [&hellip;]<!-- AddThis Advanced Settings generic via filter on get_the_excerpt --><!-- AddThis Share Buttons generic via filter on get_the_excerpt --><\/p>\n","protected":false},"author":27,"featured_media":0,"comment_status":"open","ping_status":"closed","sticky":false,"template":"","format":"standard","meta":[],"categories":[4],"tags":[28,301,483,646,906,944,1035],"_links":{"self":[{"href":"https:\/\/blogs.hoy.es\/senderosextremadura\/wp-json\/wp\/v2\/posts\/2315"}],"collection":[{"href":"https:\/\/blogs.hoy.es\/senderosextremadura\/wp-json\/wp\/v2\/posts"}],"about":[{"href":"https:\/\/blogs.hoy.es\/senderosextremadura\/wp-json\/wp\/v2\/types\/post"}],"author":[{"embeddable":true,"href":"https:\/\/blogs.hoy.es\/senderosextremadura\/wp-json\/wp\/v2\/users\/27"}],"replies":[{"embeddable":true,"href":"https:\/\/blogs.hoy.es\/senderosextremadura\/wp-json\/wp\/v2\/comments?post=2315"}],"version-history":[{"count":0,"href":"https:\/\/blogs.hoy.es\/senderosextremadura\/wp-json\/wp\/v2\/posts\/2315\/revisions"}],"wp:attachment":[{"href":"https:\/\/blogs.hoy.es\/senderosextremadura\/wp-json\/wp\/v2\/media?parent=2315"}],"wp:term":[{"taxonomy":"category","embeddable":true,"href":"https:\/\/blogs.hoy.es\/senderosextremadura\/wp-json\/wp\/v2\/categories?post=2315"},{"taxonomy":"post_tag","embeddable":true,"href":"https:\/\/blogs.hoy.es\/senderosextremadura\/wp-json\/wp\/v2\/tags?post=2315"}],"curies":[{"name":"wp","href":"https:\/\/api.w.org\/{rel}","templated":true}]}}