{"id":2318,"date":"2013-12-10T19:53:27","date_gmt":"2013-12-10T19:53:27","guid":{"rendered":"http:\/\/blogs.hoy.es\/senderosextremadura\/?p=2318"},"modified":"2013-12-10T19:53:27","modified_gmt":"2013-12-10T19:53:27","slug":"andando-por-badajoz-cumple-13-anos-con-un-fin-solidario-15-de-diciembre","status":"publish","type":"post","link":"https:\/\/blogs.hoy.es\/senderosextremadura\/2013\/12\/10\/andando-por-badajoz-cumple-13-anos-con-un-fin-solidario-15-de-diciembre\/","title":{"rendered":"&#039;Andando por Badajoz&#039; cumple 13 a\u00f1os con un fin solidario (15 de diciembre)"},"content":{"rendered":"<p><a href=\"https:\/\/blogs.hoy.es\/senderosextremadura\/\"><img loading=\"lazy\" class=\"alignright  wp-image-2320\" title=\"\" src=\"\/senderosextremadura\/wp-content\/uploads\/sites\/22\/2013\/12\/plaza-alta.jpg\" alt=\"\" width=\"378\" height=\"522\" \/><\/a>El pr\u00f3ximo dia 15 de diciembre el <a href=\"http:\/\/www.clubcaminantebadajoz.com\/\" rel=\"external nofollow\"><strong>Club del Caminante de Badajoz<\/strong><\/a> realizar\u00e1 una ruta para ellos emblem\u00e1tica. Se trata del Marat\u00f3n de 42,5 kil\u00f3metros <strong>&#8216;Andando por Badajoz&#8217;<\/strong>. Esta marcha llega este a\u00f1o a su XIII edici\u00f3n y contar\u00e1 con un car\u00e1cter solidario, ya que pretende hacer llegar una ayuda a los m\u00e1s desfavorecidos.<\/p>\n<p>La participaci\u00f3n es gratuita, pero el club invita a todas las personas a aportar alimentos no perecederos. Todo lo que se aporte se recoger\u00e1 por miembros de la Fundaci\u00f3n Banco de Alimentos de Badajoz.<\/p>\n<p>La marcha partir\u00e1 a las 8.30 de la ma\u00f1ana de la Plaza Alta. Durante la ruta habr\u00e1 tres puntos de control y avituallamiento en los km. 9, 21.5 y 30.5, donde habr\u00e1 fruta, agua, barritas energeticas, frutos secos, etc. y tambi\u00e9n es el punto donde se puede abandonar la prueba y ser trasladado a Badajoz.<\/p>\n<p>Para cualquier informaci\u00f3n se puede contactar con el club en los tel\u00e9fonos 639 911 512 y 924 223 228 -en este \u00faltimo, solo martes y jueves por la tarde-.<\/p>\n<p>&nbsp;<\/p>\n<p>M\u00e1s informaci\u00f3n el <a href=\"https:\/\/www.facebook.com\/pages\/Club-del-Caminante-de-Badajoz\/269495982857\" rel=\"external nofollow\"><strong>perfil de Facebook<\/strong><\/a> del club o en su web<strong> <a href=\"http:\/\/www.clubcaminantebadajoz.com\/\" rel=\"external nofollow\">www.clubcaminantebadajoz.com<\/a><br \/>\n<\/strong><\/p>\n<!-- AddThis Advanced Settings generic via filter on the_content --><!-- AddThis Share Buttons generic via filter on the_content -->","protected":false},"excerpt":{"rendered":"<p>El pr\u00f3ximo dia 15 de diciembre el Club del Caminante de Badajoz realizar\u00e1 una ruta para ellos emblem\u00e1tica. Se trata del Marat\u00f3n de 42,5 kil\u00f3metros &#8216;Andando por Badajoz&#8217;. Esta marcha llega este a\u00f1o a su XIII edici\u00f3n y contar\u00e1 con un car\u00e1cter solidario, ya que pretende hacer llegar una ayuda a los m\u00e1s desfavorecidos. La [&hellip;]<!-- AddThis Advanced Settings generic via filter on get_the_excerpt --><!-- AddThis Share Buttons generic via filter on get_the_excerpt --><\/p>\n","protected":false},"author":27,"featured_media":0,"comment_status":"open","ping_status":"closed","sticky":false,"template":"","format":"standard","meta":[],"categories":[4],"tags":[215,817,836,906,944,1035],"_links":{"self":[{"href":"https:\/\/blogs.hoy.es\/senderosextremadura\/wp-json\/wp\/v2\/posts\/2318"}],"collection":[{"href":"https:\/\/blogs.hoy.es\/senderosextremadura\/wp-json\/wp\/v2\/posts"}],"about":[{"href":"https:\/\/blogs.hoy.es\/senderosextremadura\/wp-json\/wp\/v2\/types\/post"}],"author":[{"embeddable":true,"href":"https:\/\/blogs.hoy.es\/senderosextremadura\/wp-json\/wp\/v2\/users\/27"}],"replies":[{"embeddable":true,"href":"https:\/\/blogs.hoy.es\/senderosextremadura\/wp-json\/wp\/v2\/comments?post=2318"}],"version-history":[{"count":0,"href":"https:\/\/blogs.hoy.es\/senderosextremadura\/wp-json\/wp\/v2\/posts\/2318\/revisions"}],"wp:attachment":[{"href":"https:\/\/blogs.hoy.es\/senderosextremadura\/wp-json\/wp\/v2\/media?parent=2318"}],"wp:term":[{"taxonomy":"category","embeddable":true,"href":"https:\/\/blogs.hoy.es\/senderosextremadura\/wp-json\/wp\/v2\/categories?post=2318"},{"taxonomy":"post_tag","embeddable":true,"href":"https:\/\/blogs.hoy.es\/senderosextremadura\/wp-json\/wp\/v2\/tags?post=2318"}],"curies":[{"name":"wp","href":"https:\/\/api.w.org\/{rel}","templated":true}]}}