{"id":2330,"date":"2013-12-16T16:50:03","date_gmt":"2013-12-16T16:50:03","guid":{"rendered":"http:\/\/blogs.hoy.es\/senderosextremadura\/?p=2330"},"modified":"2013-12-16T16:50:03","modified_gmt":"2013-12-16T16:50:03","slug":"cuarenta-y-dos-kilometros-a-pie-con-el-club-del-caminante","status":"publish","type":"post","link":"https:\/\/blogs.hoy.es\/senderosextremadura\/2013\/12\/16\/cuarenta-y-dos-kilometros-a-pie-con-el-club-del-caminante\/","title":{"rendered":"Cuarenta y dos kil\u00f3metros a pie con el Club del Caminante"},"content":{"rendered":"<div id=\"attachment_2331\" style=\"width: 610px\" class=\"wp-caption aligncenter\"><a href=\"https:\/\/blogs.hoy.es\/senderosextremadura\/2013\/12\/16\/cuarenta-y-dos-kilometros-a-pie-con-el-club-del-caminante\/caminando\/\" rel=\"attachment wp-att-2331\"><img aria-describedby=\"caption-attachment-2331\" loading=\"lazy\" class=\"size-large wp-image-2331\" title=\"Los senderistas comenzaron la ruta a las 8.30 horas. :: PAKOP\u00cd\" src=\"\/senderosextremadura\/wp-content\/uploads\/sites\/22\/2013\/12\/CAMINANDO.jpg\" alt=\"Los senderistas comenzaron la ruta a las 8.30 horas. :: PAKOP\u00cd\" width=\"600\" height=\"360\" srcset=\"https:\/\/static-blogs.hoy.es\/wp-content\/uploads\/sites\/22\/2013\/12\/CAMINANDO.jpg 1000w, https:\/\/static-blogs.hoy.es\/wp-content\/uploads\/sites\/22\/2013\/12\/CAMINANDO-300x180.jpg 300w, https:\/\/static-blogs.hoy.es\/wp-content\/uploads\/sites\/22\/2013\/12\/CAMINANDO-768x461.jpg 768w, https:\/\/static-blogs.hoy.es\/wp-content\/uploads\/sites\/22\/2013\/12\/CAMINANDO-600x360.jpg 600w\" sizes=\"(max-width: 600px) 100vw, 600px\" \/><\/a><p id=\"caption-attachment-2331\" class=\"wp-caption-text\">Los senderistas comenzaron la ruta a las 8.30 horas. :: PAKOP\u00cd<\/p><\/div>\n<p>&nbsp;<\/p>\n<p><a href=\"http:\/\/www.hoy.es\/multimedia\/fotos\/badajoz\/20131215\/xiii-maraton-solidario-andando-307562129884-mm.html\" rel=\"external nofollow\"><strong>VER LA GALER\u00cdA DE FOTOS COMPLETA<\/strong><\/a><\/p>\n<p>TANIA AG\u00daNDEZ | Joaqu\u00edn Luj\u00e1n tiene 70 a\u00f1os y ayer hizo 42 kil\u00f3metros andando. \u00c9l fue una de las 150 personas que participaron en el Marat\u00f3n Solidario organizado por el Club del Caminante de Badajoz. Joaqu\u00edn lleva participando desde que se puso en marcha, hace ahora trece a\u00f1os.<\/p>\n<div>\n<div id=\"noticia-pestanas\">\n<div id=\"ccronica\">\n<div>\n<p>Los senderistas se dieron cita a las 8 de la ma\u00f1ana de ayer domingo en la Plaza Alta, donde antes de partir disfrutaron de un desayuno de dulces y an\u00eds. Tras inscribirse en la actividad, comenzaron el recorrido pasando por la Alcazaba de Badajoz el Parque de la Legi\u00f3n y los nuevos parques de los arroyos Rivillas y Calam\u00f3n hasta llegar a la urbanizaci\u00f3n del Coraz\u00f3n de Jes\u00fas.<\/p>\n<p>Las buenas temperaturas que se registraron a lo largo del d\u00eda y la ausencia de lluvias favoreci\u00f3 el desarrollo de la jornada, que transcurri\u00f3 sin incidentes. Personas de todas las edades y de diferentes puntos de Extremadura acudieron a la cita, que este a\u00f1o ha batido r\u00e9cord de participaci\u00f3n. En esta edici\u00f3n, la actividad ten\u00eda un matiz solidario: la organizaci\u00f3n hab\u00eda solicitado a los participantes que llevaran alg\u00fan alimento, como leche, colacao y aceite, ya que son los productos que m\u00e1s necesita el Banco de Alimentos de Badajoz en estos momentos. Precisamente a esta instituci\u00f3n han ido destinados todos los art\u00edculos que ha conseguido el Club del Caminante en este marat\u00f3n.<\/p>\n<p>&nbsp;<\/p>\n<p>&nbsp;<\/p>\n<\/div>\n<\/div>\n<\/div>\n<\/div>\n<!-- AddThis Advanced Settings generic via filter on the_content --><!-- AddThis Share Buttons generic via filter on the_content -->","protected":false},"excerpt":{"rendered":"<p>&nbsp; VER LA GALER\u00cdA DE FOTOS COMPLETA TANIA AG\u00daNDEZ | Joaqu\u00edn Luj\u00e1n tiene 70 a\u00f1os y ayer hizo 42 kil\u00f3metros andando. \u00c9l fue una de las 150 personas que participaron en el Marat\u00f3n Solidario organizado por el Club del Caminante de Badajoz. Joaqu\u00edn lleva participando desde que se puso en marcha, hace ahora trece a\u00f1os. [&hellip;]<!-- AddThis Advanced Settings generic via filter on get_the_excerpt --><!-- AddThis Share Buttons generic via filter on get_the_excerpt --><\/p>\n","protected":false},"author":27,"featured_media":0,"comment_status":"open","ping_status":"closed","sticky":false,"template":"","format":"standard","meta":[],"categories":[4],"tags":[215,698,817,906,917,938,1035],"_links":{"self":[{"href":"https:\/\/blogs.hoy.es\/senderosextremadura\/wp-json\/wp\/v2\/posts\/2330"}],"collection":[{"href":"https:\/\/blogs.hoy.es\/senderosextremadura\/wp-json\/wp\/v2\/posts"}],"about":[{"href":"https:\/\/blogs.hoy.es\/senderosextremadura\/wp-json\/wp\/v2\/types\/post"}],"author":[{"embeddable":true,"href":"https:\/\/blogs.hoy.es\/senderosextremadura\/wp-json\/wp\/v2\/users\/27"}],"replies":[{"embeddable":true,"href":"https:\/\/blogs.hoy.es\/senderosextremadura\/wp-json\/wp\/v2\/comments?post=2330"}],"version-history":[{"count":0,"href":"https:\/\/blogs.hoy.es\/senderosextremadura\/wp-json\/wp\/v2\/posts\/2330\/revisions"}],"wp:attachment":[{"href":"https:\/\/blogs.hoy.es\/senderosextremadura\/wp-json\/wp\/v2\/media?parent=2330"}],"wp:term":[{"taxonomy":"category","embeddable":true,"href":"https:\/\/blogs.hoy.es\/senderosextremadura\/wp-json\/wp\/v2\/categories?post=2330"},{"taxonomy":"post_tag","embeddable":true,"href":"https:\/\/blogs.hoy.es\/senderosextremadura\/wp-json\/wp\/v2\/tags?post=2330"}],"curies":[{"name":"wp","href":"https:\/\/api.w.org\/{rel}","templated":true}]}}