{"id":2333,"date":"2013-12-16T19:13:00","date_gmt":"2013-12-16T19:13:00","guid":{"rendered":"http:\/\/blogs.hoy.es\/senderosextremadura\/?p=2333"},"modified":"2013-12-16T19:13:00","modified_gmt":"2013-12-16T19:13:00","slug":"un-domingo-con-la-encina-terrona-22-de-diciembre","status":"publish","type":"post","link":"https:\/\/blogs.hoy.es\/senderosextremadura\/2013\/12\/16\/un-domingo-con-la-encina-terrona-22-de-diciembre\/","title":{"rendered":"Un domingo con la encina Terrona (22 de diciembre)"},"content":{"rendered":"<div id=\"attachment_2335\" style=\"width: 610px\" class=\"wp-caption aligncenter\"><a href=\"https:\/\/blogs.hoy.es\/senderosextremadura\/\"><img aria-describedby=\"caption-attachment-2335\" loading=\"lazy\" class=\"size-large wp-image-2335\" title=\"\" src=\"\/senderosextremadura\/wp-content\/uploads\/sites\/22\/2013\/12\/encina-terrona.jpg\" alt=\"\" width=\"600\" height=\"342\" srcset=\"https:\/\/static-blogs.hoy.es\/wp-content\/uploads\/sites\/22\/2013\/12\/encina-terrona.jpg 1400w, https:\/\/static-blogs.hoy.es\/wp-content\/uploads\/sites\/22\/2013\/12\/encina-terrona-300x171.jpg 300w, https:\/\/static-blogs.hoy.es\/wp-content\/uploads\/sites\/22\/2013\/12\/encina-terrona-768x439.jpg 768w, https:\/\/static-blogs.hoy.es\/wp-content\/uploads\/sites\/22\/2013\/12\/encina-terrona-600x343.jpg 600w\" sizes=\"(max-width: 600px) 100vw, 600px\" \/><\/a><p id=\"caption-attachment-2335\" class=\"wp-caption-text\">Encina Terrona, en Zarza de Mont\u00e1nchez:: HOY<\/p><\/div>\n<p>Los <strong>senderistas de Los Santos de Maimona<\/strong> han organizado una ruta circular de unos 15 kms. para visitar el pr\u00f3ximo domingo 22 de diciembre\u00a0 la <strong>emblem\u00e1tica encina Terrona<\/strong>, \u00e1rbol singular de Extremadura. Este monumento natural de la regi\u00f3n se encuentra en terrenos de<strong> Zarza de Montanchez<\/strong> (C\u00e1ceres). Los caminantes del <a href=\"https:\/\/www.facebook.com\/senderismo.laverea?fref=ts\" rel=\"external nofollow\"><strong>club La Verea<\/strong><\/a> saldr\u00e1n a las ocho de la ma\u00f1ana desde la puerta de la\u00a0 Universidad Popular del municipio.\u00a0 Para el domingo se preve\u00e9 un d\u00eda soleado con una temperatura media de unos 10\u00ba. El precio de inscripci\u00f3n es de 3 euros para socios y 5 para no socios.<\/p>\n<p>M\u00e1s informaci\u00f3n en <a href=\"mailto:senderismolossantos@gmail.com\"><strong>senderismolossantos@gmail.com<\/strong><\/a><\/p>\n<!-- AddThis Advanced Settings generic via filter on the_content --><!-- AddThis Share Buttons generic via filter on the_content -->","protected":false},"excerpt":{"rendered":"<p>Los senderistas de Los Santos de Maimona han organizado una ruta circular de unos 15 kms. para visitar el pr\u00f3ximo domingo 22 de diciembre\u00a0 la emblem\u00e1tica encina Terrona, \u00e1rbol singular de Extremadura. Este monumento natural de la regi\u00f3n se encuentra en terrenos de Zarza de Montanchez (C\u00e1ceres). Los caminantes del club La Verea saldr\u00e1n a [&hellip;]<!-- AddThis Advanced Settings generic via filter on get_the_excerpt --><!-- AddThis Share Buttons generic via filter on get_the_excerpt --><\/p>\n","protected":false},"author":27,"featured_media":0,"comment_status":"open","ping_status":"closed","sticky":false,"template":"","format":"standard","meta":[],"categories":[4],"tags":[285,817,821,836,906,944,1035],"_links":{"self":[{"href":"https:\/\/blogs.hoy.es\/senderosextremadura\/wp-json\/wp\/v2\/posts\/2333"}],"collection":[{"href":"https:\/\/blogs.hoy.es\/senderosextremadura\/wp-json\/wp\/v2\/posts"}],"about":[{"href":"https:\/\/blogs.hoy.es\/senderosextremadura\/wp-json\/wp\/v2\/types\/post"}],"author":[{"embeddable":true,"href":"https:\/\/blogs.hoy.es\/senderosextremadura\/wp-json\/wp\/v2\/users\/27"}],"replies":[{"embeddable":true,"href":"https:\/\/blogs.hoy.es\/senderosextremadura\/wp-json\/wp\/v2\/comments?post=2333"}],"version-history":[{"count":0,"href":"https:\/\/blogs.hoy.es\/senderosextremadura\/wp-json\/wp\/v2\/posts\/2333\/revisions"}],"wp:attachment":[{"href":"https:\/\/blogs.hoy.es\/senderosextremadura\/wp-json\/wp\/v2\/media?parent=2333"}],"wp:term":[{"taxonomy":"category","embeddable":true,"href":"https:\/\/blogs.hoy.es\/senderosextremadura\/wp-json\/wp\/v2\/categories?post=2333"},{"taxonomy":"post_tag","embeddable":true,"href":"https:\/\/blogs.hoy.es\/senderosextremadura\/wp-json\/wp\/v2\/tags?post=2333"}],"curies":[{"name":"wp","href":"https:\/\/api.w.org\/{rel}","templated":true}]}}