{"id":2336,"date":"2013-12-17T17:11:05","date_gmt":"2013-12-17T17:11:05","guid":{"rendered":"http:\/\/blogs.hoy.es\/senderosextremadura\/?p=2336"},"modified":"2013-12-17T17:11:05","modified_gmt":"2013-12-17T17:11:05","slug":"iii-ruta-navidena-por-los-barruecos-29-de-diciembre","status":"publish","type":"post","link":"https:\/\/blogs.hoy.es\/senderosextremadura\/2013\/12\/17\/iii-ruta-navidena-por-los-barruecos-29-de-diciembre\/","title":{"rendered":"III Ruta navide\u00f1a por Los Barruecos (29 de diciembre)"},"content":{"rendered":"<div id=\"attachment_2337\" style=\"width: 610px\" class=\"wp-caption aligncenter\"><a href=\"https:\/\/blogs.hoy.es\/senderosextremadura\/\"><img aria-describedby=\"caption-attachment-2337\" loading=\"lazy\" class=\"size-large wp-image-2337\" title=\"\" src=\"\/senderosextremadura\/wp-content\/uploads\/sites\/22\/2013\/12\/barruecos.jpg\" alt=\"\" width=\"600\" height=\"293\" srcset=\"https:\/\/static-blogs.hoy.es\/wp-content\/uploads\/sites\/22\/2013\/12\/barruecos.jpg 647w, https:\/\/static-blogs.hoy.es\/wp-content\/uploads\/sites\/22\/2013\/12\/barruecos-300x147.jpg 300w, https:\/\/static-blogs.hoy.es\/wp-content\/uploads\/sites\/22\/2013\/12\/barruecos-600x294.jpg 600w\" sizes=\"(max-width: 600px) 100vw, 600px\" \/><\/a><p id=\"caption-attachment-2337\" class=\"wp-caption-text\">Los Barruecos:: LORENZO CORDERO<\/p><\/div>\n<p>El\u00a0 domingo 29 de diciembre tendr\u00e1 lugar en <a href=\"http:\/\/www.hoymalpartidadecaceres.es\/\" rel=\"external nofollow\"><strong>Malpartida de C\u00e1ceres<\/strong><\/a> la III Ruta Navide\u00f1a por <a href=\"http:\/\/www.malpartidadecaceres.net\/pn_losBarruecos.html\" target=\"_blank\" rel=\"external nofollow\"><strong>Los Barruecos<\/strong><\/a>. La marcha discurrir\u00e1 por este paraje natural cacere\u00f1o de singular belleza. A lo largo de 13 kilometros los senderistas podr\u00e1n conocer su geolog\u00eda, flora y fauna, gracias a las explicaciones de responsables del centro de interpretaci\u00f3n.<\/p>\n<p>Los Barruecos ha sido lugar de asentamientos humanos desde la prehistoria y para conocer mejor sus caracter\u00edsticas tambi\u00e9n nos acompa\u00f1ar\u00e1n integrantes del <strong>Proyecto Maila<\/strong> (Underground arqueolog\u00eda) de puesta en valor del yacimiento romano del paraje.<\/p>\n<p>La salida tendr\u00e1 lugar desde la Plaza de La Nora, en Malpartida de C\u00e1ceres, a las 9:30 h. y antes de partir podremos degustar unas <strong>migas extreme\u00f1a<\/strong>s cortes\u00eda del Caf\u00e9 Bar Los Girasoles.<\/p>\n<p>Las inscripciones se llevar\u00e1n a cabo en el lugar de la salida.<\/p>\n<!-- AddThis Advanced Settings generic via filter on the_content --><!-- AddThis Share Buttons generic via filter on the_content -->","protected":false},"excerpt":{"rendered":"<p>El\u00a0 domingo 29 de diciembre tendr\u00e1 lugar en Malpartida de C\u00e1ceres la III Ruta Navide\u00f1a por Los Barruecos. La marcha discurrir\u00e1 por este paraje natural cacere\u00f1o de singular belleza. A lo largo de 13 kilometros los senderistas podr\u00e1n conocer su geolog\u00eda, flora y fauna, gracias a las explicaciones de responsables del centro de interpretaci\u00f3n. Los [&hellip;]<!-- AddThis Advanced Settings generic via filter on get_the_excerpt --><!-- AddThis Share Buttons generic via filter on get_the_excerpt --><\/p>\n","protected":false},"author":27,"featured_media":0,"comment_status":"open","ping_status":"closed","sticky":false,"template":"","format":"standard","meta":[],"categories":[4],"tags":[476,821,859],"_links":{"self":[{"href":"https:\/\/blogs.hoy.es\/senderosextremadura\/wp-json\/wp\/v2\/posts\/2336"}],"collection":[{"href":"https:\/\/blogs.hoy.es\/senderosextremadura\/wp-json\/wp\/v2\/posts"}],"about":[{"href":"https:\/\/blogs.hoy.es\/senderosextremadura\/wp-json\/wp\/v2\/types\/post"}],"author":[{"embeddable":true,"href":"https:\/\/blogs.hoy.es\/senderosextremadura\/wp-json\/wp\/v2\/users\/27"}],"replies":[{"embeddable":true,"href":"https:\/\/blogs.hoy.es\/senderosextremadura\/wp-json\/wp\/v2\/comments?post=2336"}],"version-history":[{"count":0,"href":"https:\/\/blogs.hoy.es\/senderosextremadura\/wp-json\/wp\/v2\/posts\/2336\/revisions"}],"wp:attachment":[{"href":"https:\/\/blogs.hoy.es\/senderosextremadura\/wp-json\/wp\/v2\/media?parent=2336"}],"wp:term":[{"taxonomy":"category","embeddable":true,"href":"https:\/\/blogs.hoy.es\/senderosextremadura\/wp-json\/wp\/v2\/categories?post=2336"},{"taxonomy":"post_tag","embeddable":true,"href":"https:\/\/blogs.hoy.es\/senderosextremadura\/wp-json\/wp\/v2\/tags?post=2336"}],"curies":[{"name":"wp","href":"https:\/\/api.w.org\/{rel}","templated":true}]}}