{"id":2339,"date":"2013-12-17T20:48:57","date_gmt":"2013-12-17T20:48:57","guid":{"rendered":"http:\/\/blogs.hoy.es\/senderosextremadura\/?p=2339"},"modified":"2013-12-17T20:48:57","modified_gmt":"2013-12-17T20:48:57","slug":"santa-claus-llega-extremadura-por-caminos-oliventinos","status":"publish","type":"post","link":"https:\/\/blogs.hoy.es\/senderosextremadura\/2013\/12\/17\/santa-claus-llega-extremadura-por-caminos-oliventinos\/","title":{"rendered":"Santa Claus llega a Extremadura por caminos oliventinos"},"content":{"rendered":"<div id=\"attachment_2341\" style=\"width: 624px\" class=\"wp-caption aligncenter\"><a href=\"https:\/\/blogs.hoy.es\/senderosextremadura\/\"><img aria-describedby=\"caption-attachment-2341\" loading=\"lazy\" class=\" wp-image-2341\" title=\"\" src=\"\/senderosextremadura\/wp-content\/uploads\/sites\/22\/2013\/12\/santa-claus.jpg\" alt=\"\" width=\"614\" height=\"409\" srcset=\"https:\/\/static-blogs.hoy.es\/wp-content\/uploads\/sites\/22\/2013\/12\/santa-claus.jpg 960w, https:\/\/static-blogs.hoy.es\/wp-content\/uploads\/sites\/22\/2013\/12\/santa-claus-300x200.jpg 300w, https:\/\/static-blogs.hoy.es\/wp-content\/uploads\/sites\/22\/2013\/12\/santa-claus-768x512.jpg 768w, https:\/\/static-blogs.hoy.es\/wp-content\/uploads\/sites\/22\/2013\/12\/santa-claus-600x400.jpg 600w\" sizes=\"(max-width: 614px) 100vw, 614px\" \/><\/a><p id=\"caption-attachment-2341\" class=\"wp-caption-text\">Santa Claus saluda a un ni\u00f1o participante en la ruta:: Francisco Jos\u00e9 N\u00fa\u00f1ez Gonz\u00e1lez<\/p><\/div>\n<p>&nbsp;<\/p>\n<p><a href=\"http:\/\/www.hoy.es\/multimedia\/fotos\/badajoz\/20131217\/ruta-navidena-encandila-personas-307653771825-mm.html\" rel=\"external nofollow\"><strong>VER LA GALER\u00cdA DE FOTOS COMPLETA<\/strong><\/a><\/p>\n<p><span style=\"font-size: medium;\"><strong>Santa Claus<\/strong> ya est\u00e1 en <strong>Extremadura<\/strong>. El orondo y entra\u00f1able protagonista navide\u00f1o ha llegado <strong>por caminos oliventinos<\/strong>. Lo han visto con sus propios ojos <strong>235 ni\u00f1os y 465 adultos. <\/strong>Los mismos que el pasado domingo descubrieron en vivo el secreto de <strong>Nicol\u00e1s Priss<\/strong>. Este enigm\u00e1tico t\u00edtulo da nombre a la primera ruta navide\u00f1a organizada por el <a href=\"http:\/\/clubsenderistaolivenza.es\/\" rel=\"external nofollow\">club Prisi\u00f1as de Olivenza<\/a>.<!--more--><\/span><\/p>\n<div id=\"attachment_2342\" style=\"width: 610px\" class=\"wp-caption aligncenter\"><a href=\"https:\/\/blogs.hoy.es\/senderosextremadura\/\"><img aria-describedby=\"caption-attachment-2342\" loading=\"lazy\" class=\" wp-image-2342\" title=\"\" src=\"\/senderosextremadura\/wp-content\/uploads\/sites\/22\/2013\/12\/migas.jpg\" alt=\"\" width=\"600\" height=\"400\" srcset=\"https:\/\/static-blogs.hoy.es\/wp-content\/uploads\/sites\/22\/2013\/12\/migas.jpg 960w, https:\/\/static-blogs.hoy.es\/wp-content\/uploads\/sites\/22\/2013\/12\/migas-300x200.jpg 300w, https:\/\/static-blogs.hoy.es\/wp-content\/uploads\/sites\/22\/2013\/12\/migas-768x512.jpg 768w, https:\/\/static-blogs.hoy.es\/wp-content\/uploads\/sites\/22\/2013\/12\/migas-600x400.jpg 600w\" sizes=\"(max-width: 600px) 100vw, 600px\" \/><\/a><p id=\"caption-attachment-2342\" class=\"wp-caption-text\">Senderistas cogiendo fuerza para la ruta:: Francisco Jos\u00e9 N\u00fa\u00f1ez Gonz\u00e1lez<\/p><\/div>\n<p><span style=\"font-size: medium;\">La jornada senderista arranc\u00f3 pasadas las 8.30 de la ma\u00f1ana con <strong>migas extreme\u00f1as<\/strong> para los mayores y desayuno infantil para los peque\u00f1os. El aroma del caf\u00e9, la m\u00fasica y el desperezar de piernas anunciaba que todo estaba listo para echar a andar en una finca pr\u00f3xima a la peque\u00f1a poblaci\u00f3n de <strong>Villarreal<\/strong>. Con el est\u00f3mago lleno, el nutrido grupo de senderistas congregado inici\u00f3 el <strong>recorrido de 19 kil\u00f3metros<\/strong> por <strong>parajes adehesados. <\/strong>No sin antes escuchar las misteriosas palabras de Alejandro, un <strong>anciano de 88 a\u00f1os<\/strong> que mencion\u00f3 sutilmente a un amigo de infancia.<\/span><\/p>\n<div id=\"attachment_2343\" style=\"width: 610px\" class=\"wp-caption aligncenter\"><a href=\"\/senderosextremadura\/wp-content\/uploads\/sites\/22\/2013\/12\/senderistas.jpg\"><img aria-describedby=\"caption-attachment-2343\" loading=\"lazy\" class=\"size-large wp-image-2343\" title=\"\" src=\"\/senderosextremadura\/wp-content\/uploads\/sites\/22\/2013\/12\/senderistas.jpg\" alt=\"\" width=\"600\" height=\"400\" srcset=\"https:\/\/static-blogs.hoy.es\/wp-content\/uploads\/sites\/22\/2013\/12\/senderistas.jpg 960w, https:\/\/static-blogs.hoy.es\/wp-content\/uploads\/sites\/22\/2013\/12\/senderistas-300x200.jpg 300w, https:\/\/static-blogs.hoy.es\/wp-content\/uploads\/sites\/22\/2013\/12\/senderistas-768x512.jpg 768w, https:\/\/static-blogs.hoy.es\/wp-content\/uploads\/sites\/22\/2013\/12\/senderistas-600x400.jpg 600w\" sizes=\"(max-width: 600px) 100vw, 600px\" \/><\/a><p id=\"caption-attachment-2343\" class=\"wp-caption-text\">Unos 700 senderistas se dieron cita en un paraje pr\u00f3ximo a Villarreal:: Francisco Jos\u00e9 N\u00fa\u00f1ez Gonz\u00e1lez<\/p><\/div>\n<p><span style=\"font-size: medium;\">Dejando atr\u00e1s las brumas de primera hora, y con las palabras de Alejandro en mente, \u00a0la marcha zigzague\u00f3 por un recorrido llano en una fr\u00eda ma\u00f1ana que el sol se encarg\u00f3 de caldear.\u00a0 Caminantes desplazados desde distintos puntos de la provincia compartieron compa\u00f1\u00eda y pasos en medio de un ecosistema natural habitado por <strong>vacas y piaras de cerdos<\/strong>, de esos que dan buena cuenta del fruto de la encina. Los ni\u00f1os y algunos mayores optaron por una ruta <strong>alternativa de 8 kil\u00f3metros<\/strong>.<\/span><\/p>\n<div id=\"attachment_2344\" style=\"width: 610px\" class=\"wp-caption aligncenter\"><a href=\"\/senderosextremadura\/wp-content\/uploads\/sites\/22\/2013\/12\/CAMINANTES.jpg\"><img aria-describedby=\"caption-attachment-2344\" loading=\"lazy\" class=\"size-large wp-image-2344\" title=\"\" src=\"\/senderosextremadura\/wp-content\/uploads\/sites\/22\/2013\/12\/CAMINANTES.jpg\" alt=\"\" width=\"600\" height=\"400\" srcset=\"https:\/\/static-blogs.hoy.es\/wp-content\/uploads\/sites\/22\/2013\/12\/CAMINANTES.jpg 960w, https:\/\/static-blogs.hoy.es\/wp-content\/uploads\/sites\/22\/2013\/12\/CAMINANTES-300x200.jpg 300w, https:\/\/static-blogs.hoy.es\/wp-content\/uploads\/sites\/22\/2013\/12\/CAMINANTES-768x512.jpg 768w, https:\/\/static-blogs.hoy.es\/wp-content\/uploads\/sites\/22\/2013\/12\/CAMINANTES-600x400.jpg 600w\" sizes=\"(max-width: 600px) 100vw, 600px\" \/><\/a><p id=\"caption-attachment-2344\" class=\"wp-caption-text\">La ruta discurri\u00f3 por una bonita dehesa:: Francisco Jos\u00e9 N\u00fa\u00f1ez Gonz\u00e1lez<\/p><\/div>\n<p><span style=\"font-size: medium;\">El punto \u00e1lgido de la marcha lleg\u00f3 a mediod\u00eda. Tras degustar algunos dulces y deliciosas mandarinas en las mesas de avituallamiento, los caminantes se fueron adentrando poco a poco en una coqueta casa donde por fin descubrieron el tan bien guardado secreto de Nicol\u00e1s. Poco a poco se adentraron en una casa en la que reinaba un c\u00e1lido ambiente. En su interior los senderistas fueron recibidos por el mism\u00edsimo Papa Noel y su esposa. Entretanto, \u00a0simp\u00e1ticos duendecillos ataviados con el t\u00edpico traje verde y rojo se afanaban preparando regalos y leyendo cartas para cumplir los deseos de grandes y peque\u00f1os.<\/span><\/p>\n<div id=\"attachment_2346\" style=\"width: 610px\" class=\"wp-caption aligncenter\"><a href=\"https:\/\/blogs.hoy.es\/senderosextremadura\/\"><img aria-describedby=\"caption-attachment-2346\" loading=\"lazy\" class=\"size-large wp-image-2346\" title=\"\" src=\"\/senderosextremadura\/wp-content\/uploads\/sites\/22\/2013\/12\/1017034_204022566451349_1640526098_n.jpg\" alt=\"\" width=\"600\" height=\"400\" srcset=\"https:\/\/static-blogs.hoy.es\/wp-content\/uploads\/sites\/22\/2013\/12\/1017034_204022566451349_1640526098_n.jpg 960w, https:\/\/static-blogs.hoy.es\/wp-content\/uploads\/sites\/22\/2013\/12\/1017034_204022566451349_1640526098_n-300x200.jpg 300w, https:\/\/static-blogs.hoy.es\/wp-content\/uploads\/sites\/22\/2013\/12\/1017034_204022566451349_1640526098_n-768x512.jpg 768w, https:\/\/static-blogs.hoy.es\/wp-content\/uploads\/sites\/22\/2013\/12\/1017034_204022566451349_1640526098_n-600x400.jpg 600w\" sizes=\"(max-width: 600px) 100vw, 600px\" \/><\/a><p id=\"caption-attachment-2346\" class=\"wp-caption-text\">La casa extreme\u00f1a de Santa Claus:: Francisco Jos\u00e9 N\u00fa\u00f1ez Gonz\u00e1lez<\/p><\/div>\n<p><span style=\"font-size: medium;\">Esta conseguida \u00a0recreaci\u00f3n corri\u00f3 a cargo\u00a0 del <strong>Grupo de Teatro La Tarde de Calamonte<\/strong> y <strong>OliExc\u00e9nicas de Olivenza<\/strong>, que ofrecieron una experiencia inundada de ilusi\u00f3n navide\u00f1a. En el montaje tambi\u00e9n participaron los actores Ana de la Granja, Sergio Ayuso y Jos\u00e9 Pedro Santos. Las caras de satisfacci\u00f3n y las sonrisas de la gente al salir de la casa de San Nicol\u00e1s dieron buena cuenta del \u00e9xito de la visita.<\/span><\/p>\n<div id=\"attachment_2345\" style=\"width: 610px\" class=\"wp-caption aligncenter\"><a href=\"http:\/\/blogs.hoy.es\/\"><img aria-describedby=\"caption-attachment-2345\" loading=\"lazy\" class=\"size-large wp-image-2345\" title=\"\" src=\"\/senderosextremadura\/wp-content\/uploads\/sites\/22\/2013\/12\/600657_204023503117922_691166974_n.jpg\" alt=\"\" width=\"600\" height=\"400\" srcset=\"https:\/\/static-blogs.hoy.es\/wp-content\/uploads\/sites\/22\/2013\/12\/600657_204023503117922_691166974_n.jpg 960w, https:\/\/static-blogs.hoy.es\/wp-content\/uploads\/sites\/22\/2013\/12\/600657_204023503117922_691166974_n-300x200.jpg 300w, https:\/\/static-blogs.hoy.es\/wp-content\/uploads\/sites\/22\/2013\/12\/600657_204023503117922_691166974_n-768x512.jpg 768w, https:\/\/static-blogs.hoy.es\/wp-content\/uploads\/sites\/22\/2013\/12\/600657_204023503117922_691166974_n-600x400.jpg 600w\" sizes=\"(max-width: 600px) 100vw, 600px\" \/><\/a><p id=\"caption-attachment-2345\" class=\"wp-caption-text\">Actores y miembros del club Prisi\u00f1as, en el punto de avituallamiento:: Francisco Jos\u00e9 N\u00fa\u00f1ez Gonz\u00e1lez<\/p><\/div>\n<p><span style=\"font-size: medium;\">Tras la ruta se sirvi\u00f3 una comida a base de paella en el mismo lugar de salida, donde adem\u00e1s los m\u00e1s peque\u00f1os pudieron disfrutar con varias actividades l\u00fadicas, como hinchables.<\/span><\/p>\n<p><span style=\"font-size: medium;\">Una vez m\u00e1s, lo miembros de Prisi\u00f1as, que contaron con la colaboraci\u00f3n de Protecci\u00f3n Civil el Consistorio oliventino, \u00a0se volcaron con su trabajo y esmero para que la ruta saliera seg\u00fan lo previsto.<\/span><\/p>\n<p>&nbsp;<\/p>\n<p><em>\u00c1ngela Murillo<\/em><\/p>\n<p>&nbsp;<\/p>\n<!-- AddThis Advanced Settings generic via filter on the_content --><!-- AddThis Share Buttons generic via filter on the_content -->","protected":false},"excerpt":{"rendered":"<p>&nbsp; VER LA GALER\u00cdA DE FOTOS COMPLETA Santa Claus ya est\u00e1 en Extremadura. El orondo y entra\u00f1able protagonista navide\u00f1o ha llegado por caminos oliventinos. Lo han visto con sus propios ojos 235 ni\u00f1os y 465 adultos. Los mismos que el pasado domingo descubrieron en vivo el secreto de Nicol\u00e1s Priss. Este enigm\u00e1tico t\u00edtulo da nombre [&hellip;]<!-- AddThis Advanced Settings generic via filter on get_the_excerpt --><!-- AddThis Share Buttons generic via filter on get_the_excerpt --><\/p>\n","protected":false},"author":3,"featured_media":0,"comment_status":"open","ping_status":"closed","sticky":false,"template":"","format":"standard","meta":[],"categories":[4],"tags":[220,817,836,862,906,1035],"_links":{"self":[{"href":"https:\/\/blogs.hoy.es\/senderosextremadura\/wp-json\/wp\/v2\/posts\/2339"}],"collection":[{"href":"https:\/\/blogs.hoy.es\/senderosextremadura\/wp-json\/wp\/v2\/posts"}],"about":[{"href":"https:\/\/blogs.hoy.es\/senderosextremadura\/wp-json\/wp\/v2\/types\/post"}],"author":[{"embeddable":true,"href":"https:\/\/blogs.hoy.es\/senderosextremadura\/wp-json\/wp\/v2\/users\/3"}],"replies":[{"embeddable":true,"href":"https:\/\/blogs.hoy.es\/senderosextremadura\/wp-json\/wp\/v2\/comments?post=2339"}],"version-history":[{"count":0,"href":"https:\/\/blogs.hoy.es\/senderosextremadura\/wp-json\/wp\/v2\/posts\/2339\/revisions"}],"wp:attachment":[{"href":"https:\/\/blogs.hoy.es\/senderosextremadura\/wp-json\/wp\/v2\/media?parent=2339"}],"wp:term":[{"taxonomy":"category","embeddable":true,"href":"https:\/\/blogs.hoy.es\/senderosextremadura\/wp-json\/wp\/v2\/categories?post=2339"},{"taxonomy":"post_tag","embeddable":true,"href":"https:\/\/blogs.hoy.es\/senderosextremadura\/wp-json\/wp\/v2\/tags?post=2339"}],"curies":[{"name":"wp","href":"https:\/\/api.w.org\/{rel}","templated":true}]}}