{"id":2347,"date":"2013-12-18T19:41:36","date_gmt":"2013-12-18T19:41:36","guid":{"rendered":"http:\/\/blogs.hoy.es\/senderosextremadura\/?p=2347"},"modified":"2013-12-18T19:41:36","modified_gmt":"2013-12-18T19:41:36","slug":"calendario-de-rutas-camina-extremadura-2014","status":"publish","type":"post","link":"https:\/\/blogs.hoy.es\/senderosextremadura\/2013\/12\/18\/calendario-de-rutas-camina-extremadura-2014\/","title":{"rendered":"Calendario de Rutas &#039;Camina Extremadura&#039; 2014"},"content":{"rendered":"<p>La <strong>Federaci\u00f3n Extreme\u00f1a de Monta\u00f1a y Escalada (FEXME)<\/strong> y la <strong>Direcci\u00f3n General de Deportes<\/strong> han presentado ya el calendario del <strong>Circuito Camina Extremadura 2014<\/strong>, con un total de <strong>14 pruebas senderistas<\/strong>.<!--more--><\/p>\n<p>Fexme asegura que ha elegido las marchas que presentaban mayor calidad organizativa y preferentemente aquellas que se desarrollaran por senderos homologados, para que las rutas del Circuito sirvan para atraer a senderistas y turistas de naturaleza, independientemente del d\u00eda, estaci\u00f3n o de la organizaci\u00f3n de la prueba, como muestra de lo que ofrece nuestra Comunidad Aut\u00f3noma.<\/p>\n<p>El <strong>Circuito Camina Extremadura 2014<\/strong>, pretende impulsar en la regi\u00f3n la pr\u00e1ctica deportiva como un medio id\u00f3neo para el fomento de la actividad f\u00edsica en la naturaleza y de la actividad tur\u00edstica de la misma, ya que el Senderismo es una deporte que se integra en lo que se conoce como deporte para todos, con un sentido saludable y de servicio p\u00fablico, dirigido a un gran abanico social de practicantes sin importar la condici\u00f3n econ\u00f3mica, la edad, el sexo y el nivel de condici\u00f3n f\u00edsica de los mismos; ya que es tan flexible su concepci\u00f3n, que se puede adaptar a cualquier persona.<br \/>\nPero su inter\u00e9s va m\u00e1s all\u00e1 del deporte, abriendo espacios de apoyo a pol\u00edticas relacionadas con el disfrute del medio ambiente, como yacimiento de empleo tanto directo (animaci\u00f3n deportiva, gu\u00edas, transporte,\u2026etc.), como indirecto, que abre la posibilidad de la idea de turismo deportivo.<\/p>\n<p>En este marco se encuentran las competencias de las <strong>Direcciones Generales<\/strong><strong> de Deportes, Medio Ambiente y Turismo<\/strong>, las cu\u00e1les han sabido ver el potencial del senderismo como un recurso sostenible de turismo de naturaleza, a la par que una modalidad deportiva para todos.<\/p>\n<p><a href=\"https:\/\/blogs.hoy.es\/senderosextremadura\/2013\/12\/18\/calendario-de-rutas-camina-extremadura-2014\/caminan\/\" rel=\"attachment wp-att-2350\"><img loading=\"lazy\" class=\"aligncenter size-full wp-image-2350\" title=\"\" src=\"\/senderosextremadura\/wp-content\/uploads\/sites\/22\/2013\/12\/caminan.jpg\" alt=\"\" width=\"549\" height=\"660\" srcset=\"https:\/\/static-blogs.hoy.es\/wp-content\/uploads\/sites\/22\/2013\/12\/caminan.jpg 549w, https:\/\/static-blogs.hoy.es\/wp-content\/uploads\/sites\/22\/2013\/12\/caminan-250x300.jpg 250w\" sizes=\"(max-width: 549px) 100vw, 549px\" \/><\/a><\/p>\n<p><strong>14 RUTAS POR EXTREMADURA<\/strong><\/p>\n<p>Fuente: FEXME<\/p>\n<p><strong>II Valle del Esperab\u00e1n<\/strong><br \/>\n1\u00ba Prueba del Circuito Senderista<br \/>\nFecha Celebraci\u00f3n: 09 febrero 2014<br \/>\nOrganizador: IES Gregorio Mara\u00f1on<br \/>\nContacto: \u00d3scar Campos<br \/>\noscardecamps@hotmail.com<br \/>\n927015722 \/ 23<\/p>\n<p>I<strong>V Subida a la Sierra de Alor<\/strong><br \/>\n2\u00ba Prueba del Circuito Senderista<br \/>\nFecha Celebraci\u00f3n: 16 febrero 2014<br \/>\nOrganizador: Club de Orientaci\u00f3n Vila Raiders<br \/>\nContacto: info@vilaraiders.es<br \/>\n635 655 973<\/p>\n<p><a href=\"http:\/\/www.hoy.es\/multimedia\/fotos\/regional\/116252-ruta-penas-blancas-2013-0-0.html\" rel=\"external nofollow\"><strong>X Ruta Pe\u00f1as Blancas<\/strong> <\/a><\/p>\n<p>PR-BA 47<br \/>\nLa Zarza<\/p>\n<p><strong>XVI Transfrontera PR-CC 88<\/strong><\/p>\n<p>4\u00ba Prueba del Circuito Senderista<br \/>\nFecha Celebraci\u00f3n: 06 abril 2014<br \/>\nOrganizador: Ayuntamiento Valencia de Alc\u00e1ntara<br \/>\nContacto: 636 321 293<br \/>\njcalderonmartin@gmail.com<\/p>\n<p><strong>VI Ruta del Cerezo en Flor<\/strong><br \/>\n5\u00ba Prueba del Circuito Senderista<br \/>\nFecha Celebraci\u00f3n: 12 abril 2014<br \/>\nOrganizador: Mancomunidad Valle del Jerte<br \/>\nContacto: 627921626<br \/>\ngerente@mancomunidadvalledeljerte.<\/p>\n<p><a href=\"http:\/\/www.hoy.es\/multimedia\/fotos\/regional\/119140-ruta-alfonso-onceno-0.html\" rel=\"external nofollow\"><strong>IV Ruta Alfonso Onceno<\/strong><\/a><br \/>\n6\u00ba Prueba del Circuito Senderista<br \/>\nFecha Celebraci\u00f3n: 27 abril 2014<br \/>\nOrganizador: Asoc. Senderista Maragatos<br \/>\nContacto: 669 813 772<br \/>\nmaragatosvilluercas@hotmail.com<\/p>\n<p><strong>VI Ruta Alfonso XIII<\/strong><\/p>\n<p>PR-CC 212<br \/>\n7\u00ba Prueba del Circuito Senderista<br \/>\nFecha Celebraci\u00f3n: 04 mayo 2014<br \/>\nOrganizador: Mancomunidad Comarca de las Hurdes<br \/>\nContacto: 616 084 115<br \/>\ncentrodocumentacion@mancomunidadhurdes.org<\/p>\n<p><strong>V Ruta Contrabando Transfronteriza<\/strong><br \/>\n8\u00ba Prueba del Circuito Senderista<br \/>\nFecha Celebraci\u00f3n: 18 mayo 2014<br \/>\nOrganizador: Mancomunidad Integral Rivera de Fresnedosa<br \/>\nContacto: 627 899 634<br \/>\nrarribas84@gmail.com<\/p>\n<p><a href=\"http:\/\/www.hoy.es\/multimedia\/fotos\/regional\/20130722\/ruta-luna-marinera-alange-3054179918772-mm.html\" rel=\"external nofollow\"><strong>IV Ruta nocturna Luna Marinera<\/strong><\/a><br \/>\n9\u00ba Prueba del Circuito Senderista<br \/>\nFecha Celebraci\u00f3n: 12 julio 2014<br \/>\nOrganizador: Asoc. Senderista-Cultural Pata del Buey<br \/>\nContacto: 675 621 738<br \/>\npatadelbuey@hotmail.com<\/p>\n<p><strong>IV Ruta nocturna Villa de Trasierra<\/strong><br \/>\n10\u00ba Prueba del Circuito Senderista<br \/>\nFecha Celebraci\u00f3n: 30 agosto 2014<br \/>\nOrganizador: Ayuntamiento de Trasierra<br \/>\nContacto: Juan Antonio Frieros<br \/>\njuananfr@gmail.com<br \/>\n677 082 993<\/p>\n<p><strong>III Ruta de las Tres Sierras<\/strong><br \/>\n11\u00ba Prueba del Circuito Senderista<br \/>\nFecha Celebraci\u00f3n: 19 octubre 2014<br \/>\nOrganizador: Club senderista La Verea<br \/>\nContacto: 670 493 105<br \/>\nsenderismolossantos@gmail.com<\/p>\n<p><strong>XVI Bosques del Ambroz<\/strong><\/p>\n<p>PR-CC 37<br \/>\n12\u00ba Prueba del Circuito Senderista<br \/>\nFecha Celebraci\u00f3n: 23 noviembre 2014<br \/>\nOrganizador: DIVA<br \/>\nContacto: 927 47 34 58<br \/>\ndiva@valleambroz.com<\/p>\n<p><strong>XVI Cornalvo<\/strong><br \/>\n13\u00ba Prueba del Circuito Senderista<br \/>\nFecha Celebraci\u00f3n: 30 noviembre 2014<br \/>\nOrganizador: Club senderista Camino Plata<br \/>\nContacto: 617 561 221<br \/>\nclubcaminoplata@gmail.com<\/p>\n<p><strong>VII Ruta Doce Ap\u00f3stoles<\/strong><br \/>\n14\u00ba Prueba del Circuito Senderista<br \/>\nFecha Celebraci\u00f3n: 28 diciembre 2014<br \/>\nOrganizador: Ayuntamiento<br \/>\nContacto: 924 752 850<br \/>\nculturasalvaleon@gmail.com<\/p>\n<!-- AddThis Advanced Settings generic via filter on the_content --><!-- AddThis Share Buttons generic via filter on the_content -->","protected":false},"excerpt":{"rendered":"<p>La Federaci\u00f3n Extreme\u00f1a de Monta\u00f1a y Escalada (FEXME) y la Direcci\u00f3n General de Deportes han presentado ya el calendario del Circuito Camina Extremadura 2014, con un total de 14 pruebas senderistas.<!-- AddThis Advanced Settings generic via filter on get_the_excerpt --><!-- AddThis Share Buttons generic via filter on get_the_excerpt --><\/p>\n","protected":false},"author":27,"featured_media":0,"comment_status":"open","ping_status":"closed","sticky":false,"template":"","format":"standard","meta":[],"categories":[4],"tags":[],"_links":{"self":[{"href":"https:\/\/blogs.hoy.es\/senderosextremadura\/wp-json\/wp\/v2\/posts\/2347"}],"collection":[{"href":"https:\/\/blogs.hoy.es\/senderosextremadura\/wp-json\/wp\/v2\/posts"}],"about":[{"href":"https:\/\/blogs.hoy.es\/senderosextremadura\/wp-json\/wp\/v2\/types\/post"}],"author":[{"embeddable":true,"href":"https:\/\/blogs.hoy.es\/senderosextremadura\/wp-json\/wp\/v2\/users\/27"}],"replies":[{"embeddable":true,"href":"https:\/\/blogs.hoy.es\/senderosextremadura\/wp-json\/wp\/v2\/comments?post=2347"}],"version-history":[{"count":0,"href":"https:\/\/blogs.hoy.es\/senderosextremadura\/wp-json\/wp\/v2\/posts\/2347\/revisions"}],"wp:attachment":[{"href":"https:\/\/blogs.hoy.es\/senderosextremadura\/wp-json\/wp\/v2\/media?parent=2347"}],"wp:term":[{"taxonomy":"category","embeddable":true,"href":"https:\/\/blogs.hoy.es\/senderosextremadura\/wp-json\/wp\/v2\/categories?post=2347"},{"taxonomy":"post_tag","embeddable":true,"href":"https:\/\/blogs.hoy.es\/senderosextremadura\/wp-json\/wp\/v2\/tags?post=2347"}],"curies":[{"name":"wp","href":"https:\/\/api.w.org\/{rel}","templated":true}]}}