{"id":2351,"date":"2013-12-19T17:12:14","date_gmt":"2013-12-19T17:12:14","guid":{"rendered":"http:\/\/blogs.hoy.es\/senderosextremadura\/?p=2351"},"modified":"2013-12-19T17:12:14","modified_gmt":"2013-12-19T17:12:14","slug":"colocaran-un-belen-senderista-junto-a-las-pinturas-rupestres-de-la-zarza-21-de-diciembre","status":"publish","type":"post","link":"https:\/\/blogs.hoy.es\/senderosextremadura\/2013\/12\/19\/colocaran-un-belen-senderista-junto-a-las-pinturas-rupestres-de-la-zarza-21-de-diciembre\/","title":{"rendered":"Colocar\u00e1n un bel\u00e9n senderista junto a las pinturas rupestres de La Zarza (21 de diciembre)"},"content":{"rendered":"<div id=\"attachment_2352\" style=\"width: 610px\" class=\"wp-caption aligncenter\"><a href=\"https:\/\/blogs.hoy.es\/senderosextremadura\/2013\/12\/19\/colocaran-un-belen-senderista-junto-a-las-pinturas-rupestres-de-la-zarza-21-de-diciembre\/ruta-senderistasn\/\" rel=\"attachment wp-att-2352\"><img aria-describedby=\"caption-attachment-2352\" loading=\"lazy\" class=\"size-large wp-image-2352\" title=\"\" src=\"\/senderosextremadura\/wp-content\/uploads\/sites\/22\/2013\/12\/ruta-senderistasn.jpg\" alt=\"\" width=\"600\" height=\"450\" srcset=\"https:\/\/static-blogs.hoy.es\/wp-content\/uploads\/sites\/22\/2013\/12\/ruta-senderistasn.jpg 960w, https:\/\/static-blogs.hoy.es\/wp-content\/uploads\/sites\/22\/2013\/12\/ruta-senderistasn-300x225.jpg 300w, https:\/\/static-blogs.hoy.es\/wp-content\/uploads\/sites\/22\/2013\/12\/ruta-senderistasn-768x576.jpg 768w, https:\/\/static-blogs.hoy.es\/wp-content\/uploads\/sites\/22\/2013\/12\/ruta-senderistasn-600x450.jpg 600w\" sizes=\"(max-width: 600px) 100vw, 600px\" \/><\/a><p id=\"caption-attachment-2352\" class=\"wp-caption-text\">El bel\u00e9n instalado el a\u00f1o pasado:: PE\u00d1AS BLANCAS<\/p><\/div>\n<p>Este s\u00e1bado 21 de diciembre el <strong>Club de Senderismo Pe\u00f1as Blancas de La Zarza<\/strong> (Badajoz) realizar\u00e1 una ruta navide\u00f1a para colocar un bel\u00e9n en la sierra de La Calderita, uno de los lugares m\u00e1s emblem\u00e1ticos de la localida pacense. La marcha arrancar\u00e1 a las nueve de la ma\u00f1ana\u00a0 despu\u00e9s de tomar unas migas cortes\u00eda del club. Se recomienda llevar instrumentos musicales y productos navide\u00f1os para animar el camino. El Bel\u00e9n permanecer\u00e1 instalado junto a las <strong>pinturas rupestres del abrigo<\/strong> de La Calderita durante todas las navidades.\u00a0 Al t\u00e9rmino de la ruta, se celebrar\u00e1 una caldereta -s\u00f3lo para socios e invitados- que servir\u00e1 de cierre a la temporada senderista de 2013.<\/p>\n<p>M\u00e1s informaci\u00f3n en el <a href=\"https:\/\/www.facebook.com\/senderismo.penasblancas?hc_location=timeline\" target=\"_blank\" rel=\"external nofollow\"><strong>perfil de Facebook del club Pe\u00f1as Blancas.<\/strong> <\/a><\/p>\n<!-- AddThis Advanced Settings generic via filter on the_content --><!-- AddThis Share Buttons generic via filter on the_content -->","protected":false},"excerpt":{"rendered":"<p>Este s\u00e1bado 21 de diciembre el Club de Senderismo Pe\u00f1as Blancas de La Zarza (Badajoz) realizar\u00e1 una ruta navide\u00f1a para colocar un bel\u00e9n en la sierra de La Calderita, uno de los lugares m\u00e1s emblem\u00e1ticos de la localida pacense. La marcha arrancar\u00e1 a las nueve de la ma\u00f1ana\u00a0 despu\u00e9s de tomar unas migas cortes\u00eda del [&hellip;]<!-- AddThis Advanced Settings generic via filter on get_the_excerpt --><!-- AddThis Share Buttons generic via filter on get_the_excerpt --><\/p>\n","protected":false},"author":27,"featured_media":0,"comment_status":"open","ping_status":"closed","sticky":false,"template":"","format":"standard","meta":[],"categories":[4],"tags":[],"_links":{"self":[{"href":"https:\/\/blogs.hoy.es\/senderosextremadura\/wp-json\/wp\/v2\/posts\/2351"}],"collection":[{"href":"https:\/\/blogs.hoy.es\/senderosextremadura\/wp-json\/wp\/v2\/posts"}],"about":[{"href":"https:\/\/blogs.hoy.es\/senderosextremadura\/wp-json\/wp\/v2\/types\/post"}],"author":[{"embeddable":true,"href":"https:\/\/blogs.hoy.es\/senderosextremadura\/wp-json\/wp\/v2\/users\/27"}],"replies":[{"embeddable":true,"href":"https:\/\/blogs.hoy.es\/senderosextremadura\/wp-json\/wp\/v2\/comments?post=2351"}],"version-history":[{"count":0,"href":"https:\/\/blogs.hoy.es\/senderosextremadura\/wp-json\/wp\/v2\/posts\/2351\/revisions"}],"wp:attachment":[{"href":"https:\/\/blogs.hoy.es\/senderosextremadura\/wp-json\/wp\/v2\/media?parent=2351"}],"wp:term":[{"taxonomy":"category","embeddable":true,"href":"https:\/\/blogs.hoy.es\/senderosextremadura\/wp-json\/wp\/v2\/categories?post=2351"},{"taxonomy":"post_tag","embeddable":true,"href":"https:\/\/blogs.hoy.es\/senderosextremadura\/wp-json\/wp\/v2\/tags?post=2351"}],"curies":[{"name":"wp","href":"https:\/\/api.w.org\/{rel}","templated":true}]}}