{"id":2361,"date":"2014-01-02T19:10:46","date_gmt":"2014-01-02T19:10:46","guid":{"rendered":"http:\/\/blogs.hoy.es\/senderosextremadura\/?p=2361"},"modified":"2014-01-02T19:10:46","modified_gmt":"2014-01-02T19:10:46","slug":"la-vereina-empieza-el-ano-con-pisadas-solidarias-por-la-sierra-de-la-mosca-18-de-enero","status":"publish","type":"post","link":"https:\/\/blogs.hoy.es\/senderosextremadura\/2014\/01\/02\/la-vereina-empieza-el-ano-con-pisadas-solidarias-por-la-sierra-de-la-mosca-18-de-enero\/","title":{"rendered":"La Vere\u00edna empieza el a\u00f1o con pisadas solidarias por la Sierra de la Mosca (18 de enero)"},"content":{"rendered":"<p><a href=\"https:\/\/blogs.hoy.es\/senderosextremadura\/2014\/01\/02\/la-vereina-empieza-el-ano-con-pisadas-solidarias-por-la-sierra-de-la-mosca-18-de-enero\/vereina_n\/\" rel=\"attachment wp-att-2362\"><img loading=\"lazy\" class=\"alignleft  wp-image-2362\" title=\"\" src=\"\/senderosextremadura\/wp-content\/uploads\/sites\/22\/2014\/01\/vereina_n.jpg\" alt=\"\" width=\"416\" height=\"588\" srcset=\"https:\/\/static-blogs.hoy.es\/wp-content\/uploads\/sites\/22\/2014\/01\/vereina_n.jpg 678w, https:\/\/static-blogs.hoy.es\/wp-content\/uploads\/sites\/22\/2014\/01\/vereina_n-212x300.jpg 212w, https:\/\/static-blogs.hoy.es\/wp-content\/uploads\/sites\/22\/2014\/01\/vereina_n-600x850.jpg 600w\" sizes=\"(max-width: 416px) 100vw, 416px\" \/><\/a>El <strong>club La Vere\u00edna de C\u00e1cres<\/strong> nos propone 14 kil\u00f3metros de fant\u00e1sticas sendas en los <strong>alrededores de la Sierra de la Mosca<\/strong>. Se trata de la tercera ruta solidaria que organiza este emblem\u00e1tico club senderista extreme\u00f1o.<\/p>\n<p>La salida de la marcha, <strong>prevista para el 18 de enero<\/strong>, tendr\u00e1 lugar a las 10 de la ma\u00f1ana desde El Montaito de C\u00e1ceeres (calle\u00a0 Huerta del Conde, 3 &#8211; enfrente del Hospital San Pedro de Alc\u00e1ntara), lugar en el que te estar\u00e1n esperando los organizadores desde las nueve de la ma\u00f1ana para ofrecerte el desayuno.<\/p>\n<p>Para recibirlo solo tendr\u00e1s que presentar tu dorsal y una buena sonrisa, informan. El importe de la inscripci\u00f3n son 6 seis y los beneficios de la misma ser\u00e1n <strong>donados \u00edntegramente al Banco de Alimentos<\/strong>.<\/p>\n<p>\u00bfD\u00f3nde te puedo apuntar?<br \/>\nA partir del 3 de enero en:<br \/>\n\u2022 Hotel Don Carlos (C\/Donoso Cort\u00e9s, 13-15)<br \/>\n\u2022 Mostazo Intersport (C\/San Pedro, 1)<br \/>\n\u2022 Pulsaciones.net (C\/ Alfonso IX, 25)<br \/>\n\u2022 Pelayo\u00b4s Sport (Avda Portugal, 5)<\/p>\n<p>Y a partir del 7 de enero en Centro Comercial Ruta de la Plata.<\/p>\n<p>O ayudar con tu Asiento Cero:<br \/>\nCaja Rural: 3009 0063 59 2326622418<br \/>\nBeneficiario: C.D.La Vere\u00edna<br \/>\nConcepto: ASIENTO CERO<\/p>\n<p>Para aquellos que os caiga un pel\u00edn lejos los puntos de inscripci\u00f3n y quer\u00e1is participar activamente en la ruta, pod\u00e9is mandar un correo electr\u00f3nico con los nombres y apellidos de todos los participantes junto con un justificante del pago (al mismo n\u00famero de cuenta de Caja Rural nombrado anteriormente).<br \/>\nPor esta v\u00eda, el dorsal lo recoger\u00edais el mismo d\u00eda de la ruta en los stands que instalaremos a las puertas de El Montaito.<\/p>\n<!-- AddThis Advanced Settings generic via filter on the_content --><!-- AddThis Share Buttons generic via filter on the_content -->","protected":false},"excerpt":{"rendered":"<p>El club La Vere\u00edna de C\u00e1cres nos propone 14 kil\u00f3metros de fant\u00e1sticas sendas en los alrededores de la Sierra de la Mosca. Se trata de la tercera ruta solidaria que organiza este emblem\u00e1tico club senderista extreme\u00f1o. La salida de la marcha, prevista para el 18 de enero, tendr\u00e1 lugar a las 10 de la ma\u00f1ana [&hellip;]<!-- AddThis Advanced Settings generic via filter on get_the_excerpt --><!-- AddThis Share Buttons generic via filter on get_the_excerpt --><\/p>\n","protected":false},"author":27,"featured_media":0,"comment_status":"open","ping_status":"closed","sticky":false,"template":"","format":"standard","meta":[],"categories":[4],"tags":[],"_links":{"self":[{"href":"https:\/\/blogs.hoy.es\/senderosextremadura\/wp-json\/wp\/v2\/posts\/2361"}],"collection":[{"href":"https:\/\/blogs.hoy.es\/senderosextremadura\/wp-json\/wp\/v2\/posts"}],"about":[{"href":"https:\/\/blogs.hoy.es\/senderosextremadura\/wp-json\/wp\/v2\/types\/post"}],"author":[{"embeddable":true,"href":"https:\/\/blogs.hoy.es\/senderosextremadura\/wp-json\/wp\/v2\/users\/27"}],"replies":[{"embeddable":true,"href":"https:\/\/blogs.hoy.es\/senderosextremadura\/wp-json\/wp\/v2\/comments?post=2361"}],"version-history":[{"count":0,"href":"https:\/\/blogs.hoy.es\/senderosextremadura\/wp-json\/wp\/v2\/posts\/2361\/revisions"}],"wp:attachment":[{"href":"https:\/\/blogs.hoy.es\/senderosextremadura\/wp-json\/wp\/v2\/media?parent=2361"}],"wp:term":[{"taxonomy":"category","embeddable":true,"href":"https:\/\/blogs.hoy.es\/senderosextremadura\/wp-json\/wp\/v2\/categories?post=2361"},{"taxonomy":"post_tag","embeddable":true,"href":"https:\/\/blogs.hoy.es\/senderosextremadura\/wp-json\/wp\/v2\/tags?post=2361"}],"curies":[{"name":"wp","href":"https:\/\/api.w.org\/{rel}","templated":true}]}}