{"id":2367,"date":"2014-01-03T20:19:49","date_gmt":"2014-01-03T20:19:49","guid":{"rendered":"http:\/\/blogs.hoy.es\/senderosextremadura\/?p=2367"},"modified":"2014-01-03T20:19:49","modified_gmt":"2014-01-03T20:19:49","slug":"un-paseo-por-campinho-entre-alqueva-y-reguengos-de-monsaraz-5-de-enero","status":"publish","type":"post","link":"https:\/\/blogs.hoy.es\/senderosextremadura\/2014\/01\/03\/un-paseo-por-campinho-entre-alqueva-y-reguengos-de-monsaraz-5-de-enero\/","title":{"rendered":"Un paseo por Campinho, entre Alqueva y Reguengos de Monsaraz (5 de enero)"},"content":{"rendered":"<div id=\"attachment_2368\" style=\"width: 610px\" class=\"wp-caption aligncenter\"><a href=\"https:\/\/blogs.hoy.es\/senderosextremadura\/\"><img aria-describedby=\"caption-attachment-2368\" loading=\"lazy\" class=\"size-large wp-image-2368\" title=\"Vistas de Reguengos de Monsaraz:: Wikipedia\" src=\"\/senderosextremadura\/wp-content\/uploads\/sites\/22\/2014\/01\/800px-Monsaraz.jpg\" alt=\"\" width=\"600\" height=\"405\" srcset=\"https:\/\/static-blogs.hoy.es\/wp-content\/uploads\/sites\/22\/2014\/01\/800px-Monsaraz.jpg 800w, https:\/\/static-blogs.hoy.es\/wp-content\/uploads\/sites\/22\/2014\/01\/800px-Monsaraz-300x203.jpg 300w, https:\/\/static-blogs.hoy.es\/wp-content\/uploads\/sites\/22\/2014\/01\/800px-Monsaraz-768x519.jpg 768w, https:\/\/static-blogs.hoy.es\/wp-content\/uploads\/sites\/22\/2014\/01\/800px-Monsaraz-600x406.jpg 600w\" sizes=\"(max-width: 600px) 100vw, 600px\" \/><\/a><p id=\"caption-attachment-2368\" class=\"wp-caption-text\">Vistas de Reguengos de Monsaraz:: Wikipedia<\/p><\/div>\n<p>El <a href=\"https:\/\/www.facebook.com\/RaiaAlentejana\" rel=\"external nofollow\"><strong>Proyecto luso Raia-Alentejana<\/strong><\/a> ha programado una nueva <strong>ruta senderista y cultural<\/strong>. En esta ocasi\u00f3n los caminantes que participen en este paseo gratuito por las tierras portuguesas que lindan con Extremadura recorrer\u00e1n\u00a0 10 kil\u00f3metros por\u00a0\u00a0 Campinho, una freges\u00eda portuguesa en el distrito de <a href=\"http:\/\/pt.wikipedia.org\/wiki\/Reguengos_de_Monsaraz\" rel=\"external nofollow\"><strong>Reguengos de Monsaraz<\/strong><\/a>.<\/p>\n<p>El punto de encuentro elegido es la <strong>Plaza de la Libertad<\/strong> en Reguengos, frente a la iglesia matriz. A continuaci\u00f3n se coger\u00e1n los coches particulares para desplazarse hasta la fregues\u00eda de\u00a0 Campinho y poder pasear por las <strong>orillas de Algueva,<\/strong> el gran lago formado por el Guadiana. Durante el recorrido se visitar\u00e1 la Ermita de San Luis, un monte que anta\u00f1o acogi\u00f3 una villa romana, as\u00ed como los espectaculares paisajes naturales. La marcha arrancar\u00e1 a las 9.30 de la ma\u00f1ana, hora portuguesa.<\/p>\n<p>Para contactar con los organizadores puedes llamar al tel\u00e9fono portugu\u00e9s <strong>965670853<\/strong> o enviar un correo electr\u00f3nico al mail <strong>faria100@gmail.com<\/strong><\/p>\n<p>M\u00e1s informaci\u00f3n en el <a href=\"https:\/\/www.facebook.com\/RaiaAlentejana\" rel=\"external nofollow\">perfil de Facebook de Raia-Alentejana<\/a><\/p>\n<!-- AddThis Advanced Settings generic via filter on the_content --><!-- AddThis Share Buttons generic via filter on the_content -->","protected":false},"excerpt":{"rendered":"<p>El Proyecto luso Raia-Alentejana ha programado una nueva ruta senderista y cultural. En esta ocasi\u00f3n los caminantes que participen en este paseo gratuito por las tierras portuguesas que lindan con Extremadura recorrer\u00e1n\u00a0 10 kil\u00f3metros por\u00a0\u00a0 Campinho, una freges\u00eda portuguesa en el distrito de Reguengos de Monsaraz. El punto de encuentro elegido es la Plaza de [&hellip;]<!-- AddThis Advanced Settings generic via filter on get_the_excerpt --><!-- AddThis Share Buttons generic via filter on get_the_excerpt --><\/p>\n","protected":false},"author":27,"featured_media":0,"comment_status":"open","ping_status":"closed","sticky":false,"template":"","format":"standard","meta":[],"categories":[4],"tags":[],"_links":{"self":[{"href":"https:\/\/blogs.hoy.es\/senderosextremadura\/wp-json\/wp\/v2\/posts\/2367"}],"collection":[{"href":"https:\/\/blogs.hoy.es\/senderosextremadura\/wp-json\/wp\/v2\/posts"}],"about":[{"href":"https:\/\/blogs.hoy.es\/senderosextremadura\/wp-json\/wp\/v2\/types\/post"}],"author":[{"embeddable":true,"href":"https:\/\/blogs.hoy.es\/senderosextremadura\/wp-json\/wp\/v2\/users\/27"}],"replies":[{"embeddable":true,"href":"https:\/\/blogs.hoy.es\/senderosextremadura\/wp-json\/wp\/v2\/comments?post=2367"}],"version-history":[{"count":0,"href":"https:\/\/blogs.hoy.es\/senderosextremadura\/wp-json\/wp\/v2\/posts\/2367\/revisions"}],"wp:attachment":[{"href":"https:\/\/blogs.hoy.es\/senderosextremadura\/wp-json\/wp\/v2\/media?parent=2367"}],"wp:term":[{"taxonomy":"category","embeddable":true,"href":"https:\/\/blogs.hoy.es\/senderosextremadura\/wp-json\/wp\/v2\/categories?post=2367"},{"taxonomy":"post_tag","embeddable":true,"href":"https:\/\/blogs.hoy.es\/senderosextremadura\/wp-json\/wp\/v2\/tags?post=2367"}],"curies":[{"name":"wp","href":"https:\/\/api.w.org\/{rel}","templated":true}]}}