{"id":2373,"date":"2014-01-06T12:30:40","date_gmt":"2014-01-06T12:30:40","guid":{"rendered":"http:\/\/blogs.hoy.es\/senderosextremadura\/?p=2373"},"modified":"2014-01-06T12:30:40","modified_gmt":"2014-01-06T12:30:40","slug":"el-centro-excursionista-del-campo-aranuelo-programa-una-veintena-de-rutas","status":"publish","type":"post","link":"https:\/\/blogs.hoy.es\/senderosextremadura\/2014\/01\/06\/el-centro-excursionista-del-campo-aranuelo-programa-una-veintena-de-rutas\/","title":{"rendered":"El Centro Excursionista del Campo Ara\u00f1uelo programa una veintena de rutas"},"content":{"rendered":"<div id=\"attachment_2375\" style=\"width: 610px\" class=\"wp-caption aligncenter\"><a href=\"https:\/\/blogs.hoy.es\/senderosextremadura\/\"><img aria-describedby=\"caption-attachment-2375\" loading=\"lazy\" class=\"size-large wp-image-2375\" title=\"\" src=\"\/senderosextremadura\/wp-content\/uploads\/sites\/22\/2014\/01\/ruta-sotillo.jpg\" alt=\"\" width=\"600\" height=\"450\" srcset=\"https:\/\/static-blogs.hoy.es\/wp-content\/uploads\/sites\/22\/2014\/01\/ruta-sotillo.jpg 760w, https:\/\/static-blogs.hoy.es\/wp-content\/uploads\/sites\/22\/2014\/01\/ruta-sotillo-300x225.jpg 300w, https:\/\/static-blogs.hoy.es\/wp-content\/uploads\/sites\/22\/2014\/01\/ruta-sotillo-600x450.jpg 600w\" sizes=\"(max-width: 600px) 100vw, 600px\" \/><\/a><p id=\"caption-attachment-2375\" class=\"wp-caption-text\">Senderistas en la Ruta del Sotillo, por la Siberia extreme\u00f1a<\/p><\/div>\n<p>MIGUEL \u00c1NGEL MARCOS | Una veintena de rutas senderistas incluye el calendario de 2014 del Centro Excursionista del Campo Ara\u00f1uelo, que la junta directiva est\u00e1 haciendo llegar estos d\u00edas a sus socios, as\u00ed como la posibilidad de tramitar las licencias federativas del nuevo a\u00f1o con un descuento por su pertenencia al colectivo.<\/p>\n<div>\n<div id=\"noticia-pestanas\">\n<div id=\"ccronica\">\n<div>\n<p>El calendario se abrir\u00e1 el domingo 12 con una ruta entre Grimaldo y Mirabel de unas seis horas de duraci\u00f3n y un nivel 2+. Esa es la forma en la que se califica el grado de dificultad de las marchas, que va desde el nivel 1 de las que tienen menos de 10 kil\u00f3metros al 4, de m\u00e1s de 15 kil\u00f3metros con un desnivel superior a los 1.000 metros. La mayor\u00eda rondan el nivel 3, entre 16 y 24 kil\u00f3metros y un desnivel de entre 500 y 800 metros, salvo una traves\u00eda entre Navalguijo y Viandar, que llega al 4 debido a sus nueve horas de duraci\u00f3n y sus cuestas.<\/p>\n<p>Tras visitar Mirabel los senderistas moralos har\u00e1n entre enero y abril la ruta circular de Alc\u00e1ntara, la chorrera de Calabaza y el Camorro, La Calera -Navatrasierra, la senda de Alfonso XIII o el Milanillo, en distintas comarcas de la regi\u00f3n. A finales de abril organizar\u00e1n una nueva edici\u00f3n de la Semana de Monta\u00f1ismo, con una senda ecol\u00f3gica por determinar. Tambi\u00e9n est\u00e1 por determinar donde viajar\u00e1n el fin de semana del 1\u00ba de mayo.<\/p>\n<p>Con los d\u00edas de m\u00e1s luz solar har\u00e1n las rutas m\u00e1s largas, como las de Carlos V, del puerto del Pico al Arenal, el circo de Gredos, Navalguijo-Viandar, el puerto del Tremedal o Las Lagunillas. Ya en oto\u00f1o subir\u00e1n al J\u00e1lama, visitar\u00e1n el Casta\u00f1ar del Tiemblo o unir\u00e1n Tornavacas, Los Pilones y Jerte, para despedir el a\u00f1o el 30 de noviembre con la habitual ruta de cierre y una comida.<\/p>\n<p><strong>Licencias federativas <\/strong><\/p>\n<p>En cuanto a las licencias federativas -y para cualquier club es mejor tener el mayor n\u00famero posible- los interesados deber\u00e1n ingresar su coste en una cuenta de Caja Rural de Extremadura abierta a nombre del CECA, en concepto de cuota, indicando nombre y apellidos. Hay tres modalidades, todas nacionales: la A que cuesta 47 euros, la B 68 y la B1 75. En las tres se descontar\u00e1n 10 euros a los socios y se incrementar\u00e1n 10 a quienes no lo sean.<\/p>\n<\/div>\n<\/div>\n<\/div>\n<\/div>\n<!-- AddThis Advanced Settings generic via filter on the_content --><!-- AddThis Share Buttons generic via filter on the_content -->","protected":false},"excerpt":{"rendered":"<p>MIGUEL \u00c1NGEL MARCOS | Una veintena de rutas senderistas incluye el calendario de 2014 del Centro Excursionista del Campo Ara\u00f1uelo, que la junta directiva est\u00e1 haciendo llegar estos d\u00edas a sus socios, as\u00ed como la posibilidad de tramitar las licencias federativas del nuevo a\u00f1o con un descuento por su pertenencia al colectivo. El calendario se [&hellip;]<!-- AddThis Advanced Settings generic via filter on get_the_excerpt --><!-- AddThis Share Buttons generic via filter on get_the_excerpt --><\/p>\n","protected":false},"author":27,"featured_media":0,"comment_status":"open","ping_status":"closed","sticky":false,"template":"","format":"standard","meta":[],"categories":[4],"tags":[193,821,836,906,944],"_links":{"self":[{"href":"https:\/\/blogs.hoy.es\/senderosextremadura\/wp-json\/wp\/v2\/posts\/2373"}],"collection":[{"href":"https:\/\/blogs.hoy.es\/senderosextremadura\/wp-json\/wp\/v2\/posts"}],"about":[{"href":"https:\/\/blogs.hoy.es\/senderosextremadura\/wp-json\/wp\/v2\/types\/post"}],"author":[{"embeddable":true,"href":"https:\/\/blogs.hoy.es\/senderosextremadura\/wp-json\/wp\/v2\/users\/27"}],"replies":[{"embeddable":true,"href":"https:\/\/blogs.hoy.es\/senderosextremadura\/wp-json\/wp\/v2\/comments?post=2373"}],"version-history":[{"count":0,"href":"https:\/\/blogs.hoy.es\/senderosextremadura\/wp-json\/wp\/v2\/posts\/2373\/revisions"}],"wp:attachment":[{"href":"https:\/\/blogs.hoy.es\/senderosextremadura\/wp-json\/wp\/v2\/media?parent=2373"}],"wp:term":[{"taxonomy":"category","embeddable":true,"href":"https:\/\/blogs.hoy.es\/senderosextremadura\/wp-json\/wp\/v2\/categories?post=2373"},{"taxonomy":"post_tag","embeddable":true,"href":"https:\/\/blogs.hoy.es\/senderosextremadura\/wp-json\/wp\/v2\/tags?post=2373"}],"curies":[{"name":"wp","href":"https:\/\/api.w.org\/{rel}","templated":true}]}}