{"id":2382,"date":"2014-01-13T11:00:48","date_gmt":"2014-01-13T11:00:48","guid":{"rendered":"http:\/\/blogs.hoy.es\/senderosextremadura\/?p=2382"},"modified":"2014-01-13T11:00:48","modified_gmt":"2014-01-13T11:00:48","slug":"la-verea-premia-las-mejores-fotografias-senderistas","status":"publish","type":"post","link":"https:\/\/blogs.hoy.es\/senderosextremadura\/2014\/01\/13\/la-verea-premia-las-mejores-fotografias-senderistas\/","title":{"rendered":"&#039;La Verea&#039; premia las mejores fotograf\u00edas senderistas"},"content":{"rendered":"<p><a href=\"https:\/\/blogs.hoy.es\/senderosextremadura\/2014\/01\/13\/la-verea-premia-las-mejores-fotografias-senderistas\/los-santos1_n\/\" rel=\"attachment wp-att-2383\"><img loading=\"lazy\" class=\"aligncenter  wp-image-2383\" title=\"\" src=\"\/senderosextremadura\/wp-content\/uploads\/sites\/22\/2014\/01\/los-santos1_n.jpg\" alt=\"\" width=\"412\" height=\"548\" srcset=\"https:\/\/static-blogs.hoy.es\/wp-content\/uploads\/sites\/22\/2014\/01\/los-santos1_n.jpg 720w, https:\/\/static-blogs.hoy.es\/wp-content\/uploads\/sites\/22\/2014\/01\/los-santos1_n-225x300.jpg 225w, https:\/\/static-blogs.hoy.es\/wp-content\/uploads\/sites\/22\/2014\/01\/los-santos1_n-600x800.jpg 600w\" sizes=\"(max-width: 412px) 100vw, 412px\" \/><\/a><\/p>\n<p>El pasado s\u00e1bado la <strong>Asociaci\u00f3n Senderista &#8216;La Verea<\/strong>&#8216; de <a href=\"http:\/\/www.hoylossantosdemaimona.es\/\" rel=\"external nofollow\"><strong>Los Santos de Maimona<\/strong><\/a> hizo balance de las actividades del a\u00f1o pasado, entreg\u00f3 los premios a las mejores fotograf\u00edas y record\u00f3 a los senderistas que ya no est\u00e1n entre nosotros. Todas las fotos de la gala en el perfil de Facebook de4\u00a0 <a href=\"https:\/\/www.facebook.com\/media\/set\/?set=a.720696704609313.1073742013.444988932180093&#038;type=1\" rel=\"external nofollow\"><strong>HOY Los Santos de Maimona<\/strong><\/a>.<\/p>\n<p>Fuente: Lucio Poves<\/p>\n<!-- AddThis Advanced Settings generic via filter on the_content --><!-- AddThis Share Buttons generic via filter on the_content -->","protected":false},"excerpt":{"rendered":"<p>El pasado s\u00e1bado la Asociaci\u00f3n Senderista &#8216;La Verea&#8216; de Los Santos de Maimona hizo balance de las actividades del a\u00f1o pasado, entreg\u00f3 los premios a las mejores fotograf\u00edas y record\u00f3 a los senderistas que ya no est\u00e1n entre nosotros. Todas las fotos de la gala en el perfil de Facebook de4\u00a0 HOY Los Santos de [&hellip;]<!-- AddThis Advanced Settings generic via filter on get_the_excerpt --><!-- AddThis Share Buttons generic via filter on get_the_excerpt --><\/p>\n","protected":false},"author":27,"featured_media":0,"comment_status":"open","ping_status":"closed","sticky":false,"template":"","format":"standard","meta":[],"categories":[3],"tags":[],"_links":{"self":[{"href":"https:\/\/blogs.hoy.es\/senderosextremadura\/wp-json\/wp\/v2\/posts\/2382"}],"collection":[{"href":"https:\/\/blogs.hoy.es\/senderosextremadura\/wp-json\/wp\/v2\/posts"}],"about":[{"href":"https:\/\/blogs.hoy.es\/senderosextremadura\/wp-json\/wp\/v2\/types\/post"}],"author":[{"embeddable":true,"href":"https:\/\/blogs.hoy.es\/senderosextremadura\/wp-json\/wp\/v2\/users\/27"}],"replies":[{"embeddable":true,"href":"https:\/\/blogs.hoy.es\/senderosextremadura\/wp-json\/wp\/v2\/comments?post=2382"}],"version-history":[{"count":0,"href":"https:\/\/blogs.hoy.es\/senderosextremadura\/wp-json\/wp\/v2\/posts\/2382\/revisions"}],"wp:attachment":[{"href":"https:\/\/blogs.hoy.es\/senderosextremadura\/wp-json\/wp\/v2\/media?parent=2382"}],"wp:term":[{"taxonomy":"category","embeddable":true,"href":"https:\/\/blogs.hoy.es\/senderosextremadura\/wp-json\/wp\/v2\/categories?post=2382"},{"taxonomy":"post_tag","embeddable":true,"href":"https:\/\/blogs.hoy.es\/senderosextremadura\/wp-json\/wp\/v2\/tags?post=2382"}],"curies":[{"name":"wp","href":"https:\/\/api.w.org\/{rel}","templated":true}]}}