{"id":2385,"date":"2014-01-13T12:21:33","date_gmt":"2014-01-13T12:21:33","guid":{"rendered":"http:\/\/blogs.hoy.es\/senderosextremadura\/?p=2385"},"modified":"2014-01-13T12:21:33","modified_gmt":"2014-01-13T12:21:33","slug":"la-vera-acogera-la-xv-ruta-del-emperador-el-1-de-febrero","status":"publish","type":"post","link":"https:\/\/blogs.hoy.es\/senderosextremadura\/2014\/01\/13\/la-vera-acogera-la-xv-ruta-del-emperador-el-1-de-febrero\/","title":{"rendered":"La Vera acoger\u00e1 la XV &#039;Ruta del Emperador&#039; el 1 de febrero"},"content":{"rendered":"<p><a href=\"https:\/\/blogs.hoy.es\/senderosextremadura\/2014\/01\/13\/la-vera-acogera-la-xv-ruta-del-emperador-el-1-de-febrero\/caceres-emperador-2\/\" rel=\"attachment wp-att-2387\"><img loading=\"lazy\" class=\"aligncenter size-large wp-image-2387\" title=\"\" src=\"\/senderosextremadura\/wp-content\/uploads\/sites\/22\/2014\/01\/caceres-emperador.jpg\" alt=\"\" width=\"600\" height=\"370\" srcset=\"https:\/\/static-blogs.hoy.es\/wp-content\/uploads\/sites\/22\/2014\/01\/caceres-emperador.jpg 647w, https:\/\/static-blogs.hoy.es\/wp-content\/uploads\/sites\/22\/2014\/01\/caceres-emperador-300x185.jpg 300w, https:\/\/static-blogs.hoy.es\/wp-content\/uploads\/sites\/22\/2014\/01\/caceres-emperador-600x371.jpg 600w\" sizes=\"(max-width: 600px) 100vw, 600px\" \/><\/a>Miles de personas participar\u00e1n el pr\u00f3ximo 1 de febrero en la XV &#8216;Ruta del Emperador&#8217;, marcha senderista que recrea el \u00faltimo viaje que realiz\u00f3 Carlos V, el 3 de febrero de 1557, desde el castillo de los condes de Oropesa, de Jarandilla de la Vera, hasta el Real Monasterio de Yuste, en la provincia de C\u00e1ceres.<\/p>\n<p>Esta actividad, declarada de <a href=\"http:\/\/www.hoy.es\/20110413\/local\/prov-caceres\/ruta-emperador-fiesta-interes-201104131003.html\" rel=\"external nofollow\">inter\u00e9s tur\u00edstico regional<\/a>, est\u00e1 organizada por la Mancomunidad de La Vera en colaboraci\u00f3n con los ayuntamientos y asociaciones de la comarca.<\/p>\n<p>Igualmente, colaboran en ella el Ministerio de Medio Ambiente, la Junta de Extremadura, la Diputaci\u00f3n de C\u00e1ceres, Patrimonio Nacional y la Fundaci\u00f3n Academia Europea de Yuste, entre otras instituciones.<\/p>\n<p>Este a\u00f1o, las celebraciones en el marco de la Ruta del Emperador, que cuenta con miles de seguidores llegados de toda Espa\u00f1a, se llevar\u00e1n a cabo durante dos fines de semana mediante la realizaci\u00f3n de distintas actividades con las que se pretende poner en valor la belleza natural, patrimonial y cultural de esta zona cacere\u00f1a.<\/p>\n<p>La Ruta del Emperador, que recorre alrededor de 10 kil\u00f3metros, comenzar\u00e1 en Jarandilla de la Vera con la recepci\u00f3n de los participantes para, posteriormente, emprender el recorrido por el antiguo camino real, seg\u00fan ha confirmado hoy a Efe la Mancomunidad de la Vera.<\/p>\n<p>Los senderistas har\u00e1n un alto en el camino al llegar a Aldeanueva de la Vera, despu\u00e9s seguir\u00e1n la marcha hasta llegar a Cuacos de Yuste y posteriormente la comitiva se desplazar\u00e1 hasta el Real Monasterio de Yuste.<\/p>\n<p>La programaci\u00f3n del s\u00e1bado 1 de febrero se ver\u00e1 complementada el s\u00e1bado anterior, 25 de enero, con la celebraci\u00f3n de la XII Ruta del Emperador Ecuestre y varios actos culturales y musicales en las localidades de Jarandilla, Cuacos de Yuste y Aldeanueva de la Vera.<\/p>\n<!-- AddThis Advanced Settings generic via filter on the_content --><!-- AddThis Share Buttons generic via filter on the_content -->","protected":false},"excerpt":{"rendered":"<p>Miles de personas participar\u00e1n el pr\u00f3ximo 1 de febrero en la XV &#8216;Ruta del Emperador&#8217;, marcha senderista que recrea el \u00faltimo viaje que realiz\u00f3 Carlos V, el 3 de febrero de 1557, desde el castillo de los condes de Oropesa, de Jarandilla de la Vera, hasta el Real Monasterio de Yuste, en la provincia de [&hellip;]<!-- AddThis Advanced Settings generic via filter on get_the_excerpt --><!-- AddThis Share Buttons generic via filter on get_the_excerpt --><\/p>\n","protected":false},"author":27,"featured_media":0,"comment_status":"open","ping_status":"closed","sticky":false,"template":"","format":"standard","meta":[],"categories":[4],"tags":[],"_links":{"self":[{"href":"https:\/\/blogs.hoy.es\/senderosextremadura\/wp-json\/wp\/v2\/posts\/2385"}],"collection":[{"href":"https:\/\/blogs.hoy.es\/senderosextremadura\/wp-json\/wp\/v2\/posts"}],"about":[{"href":"https:\/\/blogs.hoy.es\/senderosextremadura\/wp-json\/wp\/v2\/types\/post"}],"author":[{"embeddable":true,"href":"https:\/\/blogs.hoy.es\/senderosextremadura\/wp-json\/wp\/v2\/users\/27"}],"replies":[{"embeddable":true,"href":"https:\/\/blogs.hoy.es\/senderosextremadura\/wp-json\/wp\/v2\/comments?post=2385"}],"version-history":[{"count":0,"href":"https:\/\/blogs.hoy.es\/senderosextremadura\/wp-json\/wp\/v2\/posts\/2385\/revisions"}],"wp:attachment":[{"href":"https:\/\/blogs.hoy.es\/senderosextremadura\/wp-json\/wp\/v2\/media?parent=2385"}],"wp:term":[{"taxonomy":"category","embeddable":true,"href":"https:\/\/blogs.hoy.es\/senderosextremadura\/wp-json\/wp\/v2\/categories?post=2385"},{"taxonomy":"post_tag","embeddable":true,"href":"https:\/\/blogs.hoy.es\/senderosextremadura\/wp-json\/wp\/v2\/tags?post=2385"}],"curies":[{"name":"wp","href":"https:\/\/api.w.org\/{rel}","templated":true}]}}