{"id":2388,"date":"2014-01-14T17:10:42","date_gmt":"2014-01-14T17:10:42","guid":{"rendered":"http:\/\/blogs.hoy.es\/senderosextremadura\/?p=2388"},"modified":"2014-01-14T17:10:42","modified_gmt":"2014-01-14T17:10:42","slug":"ruta-invernal-por-la-sierra-de-gredos-26-de-enero","status":"publish","type":"post","link":"https:\/\/blogs.hoy.es\/senderosextremadura\/2014\/01\/14\/ruta-invernal-por-la-sierra-de-gredos-26-de-enero\/","title":{"rendered":"Ruta invernal por la Sierra de Gredos (26 de enero)"},"content":{"rendered":"<div id=\"attachment_2390\" style=\"width: 564px\" class=\"wp-caption aligncenter\"><a href=\"https:\/\/blogs.hoy.es\/senderosextremadura\/\"><img aria-describedby=\"caption-attachment-2390\" loading=\"lazy\" class=\" wp-image-2390\" title=\"\" src=\"\/senderosextremadura\/wp-content\/uploads\/sites\/22\/2014\/01\/gredos3.jpg\" alt=\"\" width=\"554\" height=\"427\" srcset=\"https:\/\/static-blogs.hoy.es\/wp-content\/uploads\/sites\/22\/2014\/01\/gredos3.jpg 647w, https:\/\/static-blogs.hoy.es\/wp-content\/uploads\/sites\/22\/2014\/01\/gredos3-300x232.jpg 300w, https:\/\/static-blogs.hoy.es\/wp-content\/uploads\/sites\/22\/2014\/01\/gredos3-600x464.jpg 600w\" sizes=\"(max-width: 554px) 100vw, 554px\" \/><\/a><p id=\"caption-attachment-2390\" class=\"wp-caption-text\">Vistas de la Sierra de Gredos:: HOY<\/p><\/div>\n<p style=\"text-align: left;\">El <strong>Club de Monta\u00f1a Valcorchero de Plasencia<\/strong> va a realizar su primera ruta invernal del a\u00f1o. Se trata de una traves\u00eda por la nieve entre <strong>Navalperal de Tormes y Bohoyos<\/strong>, en la Sierra de <strong>Gredos<\/strong>. La marcha tendr\u00e1 lugar el 26 de enero. Se utilizar\u00e1n crampones.<!--more--><\/p>\n<p>Desde la localidad de Navalperal los monta\u00f1eros se introducir\u00e1n en la alta monta\u00f1a a trav\u00e9s de la <strong>Cuerda del Barquillo<\/strong>, que ofrece vistas continuamente a la <strong>garganta del Pinar<\/strong>. Despu\u00e9s llegar\u00e1n al paraje conocido como Las Lagunillas, una formaci\u00f3n de peque\u00f1as lagunas que probablemente no se ver\u00e1n por estar cubiertas de hielo y nieve. A continuaci\u00f3n ascender\u00e1n por uno de sus canales para bajar a la Garganta de Bohoyos, una de las m\u00e1s largas y bonitas de Gredos. Desde aqu\u00ed se accede a la localidad del mismo nombre, donde finaliza la traves\u00eda.<\/p>\n<p>La <strong>duraci\u00f3n estimada es de ocho horas<\/strong> y se recorrer\u00e1n unos 19 kil\u00f3metros. La dificultad del recorrido es alta.\u00a0 Se ofrece una alternativa que evita subir una pala fuerte en Las Lagunillas, y en vez de esa subida lo que se hace es bajar al refugio de La Barranca y toda la garganta abajo hasta Navalperal de nuevo.<br \/>\nLa salida tendr\u00e1 lugar en el Parque de Los Pinos a las 6:30 horas.<\/p>\n<p>M\u00e1s informaci\u00f3n en la web del <a href=\"http:\/\/www.valcorchero.com\/ \" target=\"_blank\" rel=\"external nofollow\"><strong>Club de Monta\u00f1a Valcorchero.<\/strong><\/a><\/p>\n<!-- AddThis Advanced Settings generic via filter on the_content --><!-- AddThis Share Buttons generic via filter on the_content -->","protected":false},"excerpt":{"rendered":"<p>El Club de Monta\u00f1a Valcorchero de Plasencia va a realizar su primera ruta invernal del a\u00f1o. Se trata de una traves\u00eda por la nieve entre Navalperal de Tormes y Bohoyos, en la Sierra de Gredos. La marcha tendr\u00e1 lugar el 26 de enero. Se utilizar\u00e1n crampones.<!-- AddThis Advanced Settings generic via filter on get_the_excerpt --><!-- AddThis Share Buttons generic via filter on get_the_excerpt --><\/p>\n","protected":false},"author":27,"featured_media":0,"comment_status":"open","ping_status":"closed","sticky":false,"template":"","format":"standard","meta":[],"categories":[4],"tags":[212,812,937,978],"_links":{"self":[{"href":"https:\/\/blogs.hoy.es\/senderosextremadura\/wp-json\/wp\/v2\/posts\/2388"}],"collection":[{"href":"https:\/\/blogs.hoy.es\/senderosextremadura\/wp-json\/wp\/v2\/posts"}],"about":[{"href":"https:\/\/blogs.hoy.es\/senderosextremadura\/wp-json\/wp\/v2\/types\/post"}],"author":[{"embeddable":true,"href":"https:\/\/blogs.hoy.es\/senderosextremadura\/wp-json\/wp\/v2\/users\/27"}],"replies":[{"embeddable":true,"href":"https:\/\/blogs.hoy.es\/senderosextremadura\/wp-json\/wp\/v2\/comments?post=2388"}],"version-history":[{"count":0,"href":"https:\/\/blogs.hoy.es\/senderosextremadura\/wp-json\/wp\/v2\/posts\/2388\/revisions"}],"wp:attachment":[{"href":"https:\/\/blogs.hoy.es\/senderosextremadura\/wp-json\/wp\/v2\/media?parent=2388"}],"wp:term":[{"taxonomy":"category","embeddable":true,"href":"https:\/\/blogs.hoy.es\/senderosextremadura\/wp-json\/wp\/v2\/categories?post=2388"},{"taxonomy":"post_tag","embeddable":true,"href":"https:\/\/blogs.hoy.es\/senderosextremadura\/wp-json\/wp\/v2\/tags?post=2388"}],"curies":[{"name":"wp","href":"https:\/\/api.w.org\/{rel}","templated":true}]}}