{"id":2391,"date":"2014-01-14T17:34:22","date_gmt":"2014-01-14T17:34:22","guid":{"rendered":"http:\/\/blogs.hoy.es\/senderosextremadura\/?p=2391"},"modified":"2014-01-14T17:34:22","modified_gmt":"2014-01-14T17:34:22","slug":"ruta-de-los-buitres-26-de-enero","status":"publish","type":"post","link":"https:\/\/blogs.hoy.es\/senderosextremadura\/2014\/01\/14\/ruta-de-los-buitres-26-de-enero\/","title":{"rendered":"Ruta de &#039;Los buitres&#039; (26 de enero)"},"content":{"rendered":"<h3>La asociaci\u00f3n <a href=\"http:\/\/senderismosalvaleon.blogspot.com.es\/\" rel=\"external nofollow\"><strong>senderista &#8216;El Encinar&#8217; de Salvale\u00f3n<\/strong><\/a> va a realizar la ruta de &#8216;Los Buitres&#8217;. Tendr\u00e1 lugar el <a href=\"https:\/\/blogs.hoy.es\/senderosextremadura\/2014\/01\/14\/ruta-de-los-buitres-26-de-enero\/unnamed-2\/\" rel=\"attachment wp-att-2393\"><img loading=\"lazy\" class=\"alignright  wp-image-2393\" title=\"\" src=\"\/senderosextremadura\/wp-content\/uploads\/sites\/22\/2014\/01\/unnamed.jpg\" alt=\"\" width=\"223\" height=\"314\" srcset=\"https:\/\/static-blogs.hoy.es\/wp-content\/uploads\/sites\/22\/2014\/01\/unnamed.jpg 346w, https:\/\/static-blogs.hoy.es\/wp-content\/uploads\/sites\/22\/2014\/01\/unnamed-212x300.jpg 212w\" sizes=\"(max-width: 223px) 100vw, 223px\" \/><\/a>pr\u00f3ximo domingo 26 de enero y al finalizar habr\u00e1 parrillada gratis. La marcha tiene un recorrido de 21 kil\u00f3metros y dificultad media. Los senderos transcurren por la <strong>finca comunal Monteporrino<\/strong> y por uno de los puntos m\u00e1s elevados de Salvale\u00f3n, el <strong>risco Barbellido<\/strong>.<\/h3>\n<h3>La marcha partir\u00e1 a las nueve de la ma\u00f1ana desde la Plaza de Espa\u00f1a de la localidad pacense.<\/h3>\n<h3>Si vas a participar en la ruta y en la parrillada <a href=\"http:\/\/senderismosalvaleon.blogspot.com.es\/\" rel=\"external nofollow\"><strong>entra en blog del club<\/strong><\/a> y pincha en ME GUSTA.<\/h3>\n<!-- AddThis Advanced Settings generic via filter on the_content --><!-- AddThis Share Buttons generic via filter on the_content -->","protected":false},"excerpt":{"rendered":"<p>La asociaci\u00f3n senderista &#8216;El Encinar&#8217; de Salvale\u00f3n va a realizar la ruta de &#8216;Los Buitres&#8217;. Tendr\u00e1 lugar el pr\u00f3ximo domingo 26 de enero y al finalizar habr\u00e1 parrillada gratis. La marcha tiene un recorrido de 21 kil\u00f3metros y dificultad media. Los senderos transcurren por la finca comunal Monteporrino y por uno de los puntos m\u00e1s [&hellip;]<!-- AddThis Advanced Settings generic via filter on get_the_excerpt --><!-- AddThis Share Buttons generic via filter on get_the_excerpt --><\/p>\n","protected":false},"author":27,"featured_media":0,"comment_status":"open","ping_status":"closed","sticky":false,"template":"","format":"standard","meta":[],"categories":[4],"tags":[69,313,817,836,866,884],"_links":{"self":[{"href":"https:\/\/blogs.hoy.es\/senderosextremadura\/wp-json\/wp\/v2\/posts\/2391"}],"collection":[{"href":"https:\/\/blogs.hoy.es\/senderosextremadura\/wp-json\/wp\/v2\/posts"}],"about":[{"href":"https:\/\/blogs.hoy.es\/senderosextremadura\/wp-json\/wp\/v2\/types\/post"}],"author":[{"embeddable":true,"href":"https:\/\/blogs.hoy.es\/senderosextremadura\/wp-json\/wp\/v2\/users\/27"}],"replies":[{"embeddable":true,"href":"https:\/\/blogs.hoy.es\/senderosextremadura\/wp-json\/wp\/v2\/comments?post=2391"}],"version-history":[{"count":0,"href":"https:\/\/blogs.hoy.es\/senderosextremadura\/wp-json\/wp\/v2\/posts\/2391\/revisions"}],"wp:attachment":[{"href":"https:\/\/blogs.hoy.es\/senderosextremadura\/wp-json\/wp\/v2\/media?parent=2391"}],"wp:term":[{"taxonomy":"category","embeddable":true,"href":"https:\/\/blogs.hoy.es\/senderosextremadura\/wp-json\/wp\/v2\/categories?post=2391"},{"taxonomy":"post_tag","embeddable":true,"href":"https:\/\/blogs.hoy.es\/senderosextremadura\/wp-json\/wp\/v2\/tags?post=2391"}],"curies":[{"name":"wp","href":"https:\/\/api.w.org\/{rel}","templated":true}]}}