{"id":2395,"date":"2014-02-03T17:41:37","date_gmt":"2014-02-03T17:41:37","guid":{"rendered":"http:\/\/blogs.hoy.es\/senderosextremadura\/?p=2395"},"modified":"2014-02-03T17:41:37","modified_gmt":"2014-02-03T17:41:37","slug":"ruta-hurdana-por-el-valle-del-esperaban-9-de-febrero","status":"publish","type":"post","link":"https:\/\/blogs.hoy.es\/senderosextremadura\/2014\/02\/03\/ruta-hurdana-por-el-valle-del-esperaban-9-de-febrero\/","title":{"rendered":"Ruta hurdana por el Valle del Esperab\u00e1n (9 de febrero)"},"content":{"rendered":"<p><a href=\"http:\/\/www.fexme.com\/portal\/LinkClick.aspx?fileticket=Sm%2fMJxtt6oo%3d&#038;tabid=58\" target=\"_blank\" rel=\"external nofollow\"><img loading=\"lazy\" src=\"\/\/www.fexme.com\/portal\/Portals\/0\/imagenes\/Cartel%20Valle%20Esperab%C3%A1n%202014.jpg\" alt=\"II Valle del Esperab\u00e1n. Circuito Camina Extremadura\" width=\"250\" height=\"353\" align=\"left\" hspace=\"2\" vspace=\"2\" \/><\/a>La<strong> II Ruta Senderista Valle del Esperab\u00e1n<\/strong>, que se celebrar\u00e1 este <strong>domingo<\/strong>, d\u00eda 9, incluir\u00e1 <strong>nuevos recorridos<\/strong> por la <strong>comarca de Las Hurdes (C\u00e1ceres),<\/strong> adem\u00e1s de un <strong>concurso fotogr\u00e1fico<\/strong> y <strong>varios talleres.<\/strong><\/p>\n<p>Se trata de una jornada que comenzar\u00e1 a las 9,00 horas en el Castillo de Pinofranqueado, incluida dentro del Circuito de Alimentos de Extremadura, Turismo de Naturaleza y Deporte, y organizada por el IES &#8216;Gregorio Mara\u00f1\u00f3n&#8217; de Caminomorisco-Las Hurdes.<\/p>\n<p>Uno de los profesores que han promovido la actividad, \u00d3scar Campos, ha presentado este lunes dicha ruta en una rueda de prensa en M\u00e9rida en la que ha estado acompa\u00f1ado del director general de Deportes, Antonio Pedrera, y la alcaldesa de Pinofranqueado, Vanessa Mart\u00edn.<\/p>\n<p>En su intervenci\u00f3n, \u00d3scar Campos ha se\u00f1alado que los objetivos que persigue el centro con esta ruta son la implicaci\u00f3n del alumnado, desarrollar h\u00e1bitos saludables en la poblaci\u00f3n, impulsar la actividad f\u00edsica y fomentar el turismo ecol\u00f3gico de la comarca.<\/p>\n<p>As\u00ed, ser\u00e1n dos los recorridos que los senderistas, llegados de varias partes del pa\u00eds, podr\u00e1n realizar este domingo. Por una parte habr\u00e1 un ruta corta de ocho kil\u00f3metros y cuya dificultad es baja, y otra larga de 18 kil\u00f3metros y de dificultad media-alta.<\/p>\n<h2>Zona virgen<\/h2>\n<p>Tras desgranar las peculiaridades t\u00e9cnicas de la ruta, \u00d3scar Campos ha se\u00f1alado que los senderistas podr\u00e1n disfrutar adem\u00e1s de esta zona &#8220;100% virgen&#8221;, con una vegetaci\u00f3n compuesta de encinas, alcornoques, madro\u00f1eras y brezos, y una fauna, que cuenta con multitud de especies que van desde cabras montesas hasta buitres.<\/p>\n<p>Adem\u00e1s, todos los participantes que as\u00ed lo deseen podr\u00e1n degustar un desayuno compuesto con chocolate y churros al inicio de la actividad, y como cierre se ofrecer\u00e1n unas migas.<\/p>\n<p>Los senderistas tendr\u00e1n tambi\u00e9n a su disposici\u00f3n un c\u00f3digo BI-DI para sus terminales m\u00f3viles en el que aparecer\u00e1 toda la informaci\u00f3n de la ruta elaborada por los alumnos del centro organizador.<\/p>\n<p>Cabe recordar que el plazo para realizar las inscripciones acabar\u00e1 este jueves, d\u00eda 6, a las 23,30 horas, en la web de la rut:<\/p>\n<p><a href=\"http:\/\/www.rutavalledelesperaban.es\" target=\"_blank\" rel=\"external nofollow\">www.rutavalledelesperaban.es<\/a><\/p>\n<p><strong>370 personas inscritas<\/strong><\/p>\n<p>Por su parte, la alcaldesa de Pinofranqueado, Vanesa Mart\u00edn, ha destacado que el a\u00f1o pasado acudieron a esta cita en torno a 370 senderistas, cifra que este a\u00f1o se espera mantener o superar, a la vez que ha recordado que los hoteles de la zona hacen un descuento de un 15% en pernoctaciones a los participantes.<\/p>\n<p>Y es que es intenci\u00f3n de los organizadores que la mayor parte posible de los senderistas acudan a pasar todo el fin de semana a la Comarca de Las Hurdes, por lo que se ha organizado una Ruta de la Tapa en Pinofranqueado, adem\u00e1s de distintas visitas al Centro de Documentaci\u00f3n de Las Hurdes y a la Oficina de Turismo de Caminomorisco.<\/p>\n<p>Por \u00faltimo, el director general de Deportes, Antonio Pedrera, ha recordado que esta actividad forma parte del Circuito Alimentos de\u00a0\u00a0Extremadura que este a\u00f1o estar\u00e1 compuesto por 14 rutas.<\/p>\n<p>M\u00e1s de 7.000 participantes se dieron cita el a\u00f1o pasado en este circuito al que llegan personas de toda Espa\u00f1a para participar en actividades deportivas como rutas de aguadulce, rutas cicloturistas, carreras por monta\u00f1a o medias maratones.<\/p>\n<p>&nbsp;<\/p>\n<!-- AddThis Advanced Settings generic via filter on the_content --><!-- AddThis Share Buttons generic via filter on the_content -->","protected":false},"excerpt":{"rendered":"<p>La II Ruta Senderista Valle del Esperab\u00e1n, que se celebrar\u00e1 este domingo, d\u00eda 9, incluir\u00e1 nuevos recorridos por la comarca de Las Hurdes (C\u00e1ceres), adem\u00e1s de un concurso fotogr\u00e1fico y varios talleres. Se trata de una jornada que comenzar\u00e1 a las 9,00 horas en el Castillo de Pinofranqueado, incluida dentro del Circuito de Alimentos de [&hellip;]<!-- AddThis Advanced Settings generic via filter on get_the_excerpt --><!-- AddThis Share Buttons generic via filter on get_the_excerpt --><\/p>\n","protected":false},"author":27,"featured_media":0,"comment_status":"open","ping_status":"closed","sticky":false,"template":"","format":"standard","meta":[],"categories":[4],"tags":[],"_links":{"self":[{"href":"https:\/\/blogs.hoy.es\/senderosextremadura\/wp-json\/wp\/v2\/posts\/2395"}],"collection":[{"href":"https:\/\/blogs.hoy.es\/senderosextremadura\/wp-json\/wp\/v2\/posts"}],"about":[{"href":"https:\/\/blogs.hoy.es\/senderosextremadura\/wp-json\/wp\/v2\/types\/post"}],"author":[{"embeddable":true,"href":"https:\/\/blogs.hoy.es\/senderosextremadura\/wp-json\/wp\/v2\/users\/27"}],"replies":[{"embeddable":true,"href":"https:\/\/blogs.hoy.es\/senderosextremadura\/wp-json\/wp\/v2\/comments?post=2395"}],"version-history":[{"count":0,"href":"https:\/\/blogs.hoy.es\/senderosextremadura\/wp-json\/wp\/v2\/posts\/2395\/revisions"}],"wp:attachment":[{"href":"https:\/\/blogs.hoy.es\/senderosextremadura\/wp-json\/wp\/v2\/media?parent=2395"}],"wp:term":[{"taxonomy":"category","embeddable":true,"href":"https:\/\/blogs.hoy.es\/senderosextremadura\/wp-json\/wp\/v2\/categories?post=2395"},{"taxonomy":"post_tag","embeddable":true,"href":"https:\/\/blogs.hoy.es\/senderosextremadura\/wp-json\/wp\/v2\/tags?post=2395"}],"curies":[{"name":"wp","href":"https:\/\/api.w.org\/{rel}","templated":true}]}}