{"id":2402,"date":"2014-01-18T20:16:46","date_gmt":"2014-01-18T20:16:46","guid":{"rendered":"http:\/\/blogs.hoy.es\/senderosextremadura\/?p=2402"},"modified":"2014-01-18T20:16:46","modified_gmt":"2014-01-18T20:16:46","slug":"sierra-del-bravo-un-mirador-entre-la-siberia-y-la-serena-25-de-enero","status":"publish","type":"post","link":"https:\/\/blogs.hoy.es\/senderosextremadura\/2014\/01\/18\/sierra-del-bravo-un-mirador-entre-la-siberia-y-la-serena-25-de-enero\/","title":{"rendered":"Sierra del Bravo, un mirador entre La Siberia y La Serena (26 de enero)"},"content":{"rendered":"<p><strong><a href=\"https:\/\/blogs.hoy.es\/senderosextremadura\/2014\/01\/18\/sierra-del-bravo-un-mirador-entre-la-siberia-y-la-serena-25-de-enero\/ruta-pela\/\" rel=\"attachment wp-att-2404\"><img loading=\"lazy\" class=\"alignright  wp-image-2404\" title=\"\" src=\"\/senderosextremadura\/wp-content\/uploads\/sites\/22\/2014\/01\/ruta-pela.jpg\" alt=\"\" width=\"414\" height=\"579\" srcset=\"https:\/\/static-blogs.hoy.es\/wp-content\/uploads\/sites\/22\/2014\/01\/ruta-pela.jpg 685w, https:\/\/static-blogs.hoy.es\/wp-content\/uploads\/sites\/22\/2014\/01\/ruta-pela-214x300.jpg 214w, https:\/\/static-blogs.hoy.es\/wp-content\/uploads\/sites\/22\/2014\/01\/ruta-pela-600x841.jpg 600w\" sizes=\"(max-width: 414px) 100vw, 414px\" \/><\/a>Destino Siberia<\/strong> nos invita a participar en la <strong>Ruta de la Sierra del Bravo<\/strong>, en Navalvillar de Pela (Badajoz). La marcha, aptas para ni\u00f1os a partir de 8 a\u00f1os, tendr\u00e1 lugar el pr\u00f3ximo domingo <strong>26 de enero<\/strong> y discurre en su mayor parte por el monte de utilidad p\u00fablica Sierra del Bravo. Al finalizar la caminata, los senderistas disfrutar\u00e1n de un estupendo aperitivo en el Bar Pedr\u00edn de la localidad pacense, y posteriormente se desplazar\u00e1n al Parque Periurbano de la Moheda Alta para <strong>observar, desde un mirador, las miles de grullas<\/strong> que sobrevuelan la zona.<br \/>\nLa Sierra del Bravo es un Monte de Utilidad P\u00fablica y adaptado con merenderos y un refugio forestal y tambi\u00e9n consta con senderos y con un mirador desde el cual se divisa la comarca de la Siberia y parte de la Serena<br \/>\nEn general, toda la Sierra de Pela es una zona digna de visitar. Catalogada como Zona Especial de Protecci\u00f3n de Aves, es una sierra pr\u00e1cticamente virgen y con infinidad de parajes por ver.<\/p>\n<p><strong>Programa<\/strong><br \/>\nHora de salida:\u00a0 10.00 de la ma\u00f1ana<br \/>\nPunto de salida: Parque de la Avenida de la constituci\u00f3n, junto a la Parroquia de Santa Catalina de Alejandr\u00eda<br \/>\nRuta circular de 18 kms. Dificultad media-baja<br \/>\nDuraci\u00f3n: 4,5 horas<\/p>\n<!-- AddThis Advanced Settings generic via filter on the_content --><!-- AddThis Share Buttons generic via filter on the_content -->","protected":false},"excerpt":{"rendered":"<p>Destino Siberia nos invita a participar en la Ruta de la Sierra del Bravo, en Navalvillar de Pela (Badajoz). La marcha, aptas para ni\u00f1os a partir de 8 a\u00f1os, tendr\u00e1 lugar el pr\u00f3ximo domingo 26 de enero y discurre en su mayor parte por el monte de utilidad p\u00fablica Sierra del Bravo. Al finalizar la [&hellip;]<!-- AddThis Advanced Settings generic via filter on get_the_excerpt --><!-- AddThis Share Buttons generic via filter on get_the_excerpt --><\/p>\n","protected":false},"author":27,"featured_media":0,"comment_status":"open","ping_status":"closed","sticky":false,"template":"","format":"standard","meta":[],"categories":[4],"tags":[817,836,906,937],"_links":{"self":[{"href":"https:\/\/blogs.hoy.es\/senderosextremadura\/wp-json\/wp\/v2\/posts\/2402"}],"collection":[{"href":"https:\/\/blogs.hoy.es\/senderosextremadura\/wp-json\/wp\/v2\/posts"}],"about":[{"href":"https:\/\/blogs.hoy.es\/senderosextremadura\/wp-json\/wp\/v2\/types\/post"}],"author":[{"embeddable":true,"href":"https:\/\/blogs.hoy.es\/senderosextremadura\/wp-json\/wp\/v2\/users\/27"}],"replies":[{"embeddable":true,"href":"https:\/\/blogs.hoy.es\/senderosextremadura\/wp-json\/wp\/v2\/comments?post=2402"}],"version-history":[{"count":0,"href":"https:\/\/blogs.hoy.es\/senderosextremadura\/wp-json\/wp\/v2\/posts\/2402\/revisions"}],"wp:attachment":[{"href":"https:\/\/blogs.hoy.es\/senderosextremadura\/wp-json\/wp\/v2\/media?parent=2402"}],"wp:term":[{"taxonomy":"category","embeddable":true,"href":"https:\/\/blogs.hoy.es\/senderosextremadura\/wp-json\/wp\/v2\/categories?post=2402"},{"taxonomy":"post_tag","embeddable":true,"href":"https:\/\/blogs.hoy.es\/senderosextremadura\/wp-json\/wp\/v2\/tags?post=2402"}],"curies":[{"name":"wp","href":"https:\/\/api.w.org\/{rel}","templated":true}]}}