{"id":2415,"date":"2014-01-22T15:38:58","date_gmt":"2014-01-22T15:38:58","guid":{"rendered":"http:\/\/blogs.hoy.es\/senderosextremadura\/?p=2415"},"modified":"2014-01-22T15:38:58","modified_gmt":"2014-01-22T15:38:58","slug":"ruta-por-terena-una-villa-alentejana-con-750-anos-de-historia-25-de-enero","status":"publish","type":"post","link":"https:\/\/blogs.hoy.es\/senderosextremadura\/2014\/01\/22\/ruta-por-terena-una-villa-alentejana-con-750-anos-de-historia-25-de-enero\/","title":{"rendered":"Ruta por Terena, una villa alentejana con 750 a\u00f1os de historia (25 de enero)"},"content":{"rendered":"<div id=\"attachment_2416\" style=\"width: 478px\" class=\"wp-caption aligncenter\"><img aria-describedby=\"caption-attachment-2416\" loading=\"lazy\" class=\" wp-image-2416\" title=\"Castillo de Terena.\" src=\"\/senderosextremadura\/wp-content\/uploads\/sites\/22\/2014\/01\/terena_n.jpg\" alt=\"\" width=\"468\" height=\"351\" srcset=\"https:\/\/static-blogs.hoy.es\/wp-content\/uploads\/sites\/22\/2014\/01\/terena_n.jpg 960w, https:\/\/static-blogs.hoy.es\/wp-content\/uploads\/sites\/22\/2014\/01\/terena_n-300x225.jpg 300w, https:\/\/static-blogs.hoy.es\/wp-content\/uploads\/sites\/22\/2014\/01\/terena_n-768x576.jpg 768w, https:\/\/static-blogs.hoy.es\/wp-content\/uploads\/sites\/22\/2014\/01\/terena_n-600x450.jpg 600w\" sizes=\"(max-width: 468px) 100vw, 468px\" \/><p id=\"caption-attachment-2416\" class=\"wp-caption-text\">Castillo de Terena.<\/p><\/div>\n<p style=\"text-align: left;\">La <a href=\"http:\/\/faria100.wix.com\/portugal-borderlands\" rel=\"external nofollow\"><strong>Asociaci\u00f3n Projecto Raia Alentejana<\/strong><\/a> prepara una nueva visita guiada por tierras lusas. La caminata tendr\u00e1 lugar este s\u00e1bado en <strong>Terena (Alandroal<\/strong>), a unos 70 kil\u00f3metros de Badajoz. Se trata de una <strong>ruta circular de 15 kil\u00f3metros<\/strong> y dificuldad reducida que nos llevar\u00e1 hasta <strong>Rosario<\/strong> por las orillas del r\u00edo Lucifer, ahora tomadas por las aguas del <strong>Gran Lago de Alqueva<\/strong>. Los caminantes saldr\u00e1n a las 9 de la ma\u00f1ana, hora local, desde el Castillo de Terena, una villa con m\u00e1s de 750 a\u00f1os de historia, para despu\u00e9s visitar las encaladas calles de su casco antiguo, su fortaliza y\u00a0 el <strong>santuario de Boa Nova<\/strong>. <!--more--><a href=\"https:\/\/blogs.hoy.es\/senderosextremadura\/\"><img loading=\"lazy\" class=\"aligncenter  wp-image-2417\" title=\"\" src=\"\/senderosextremadura\/wp-content\/uploads\/sites\/22\/2014\/01\/terena87_n.jpg\" alt=\"\" width=\"448\" height=\"597\" srcset=\"https:\/\/static-blogs.hoy.es\/wp-content\/uploads\/sites\/22\/2014\/01\/terena87_n.jpg 720w, https:\/\/static-blogs.hoy.es\/wp-content\/uploads\/sites\/22\/2014\/01\/terena87_n-225x300.jpg 225w, https:\/\/static-blogs.hoy.es\/wp-content\/uploads\/sites\/22\/2014\/01\/terena87_n-600x800.jpg 600w\" sizes=\"(max-width: 448px) 100vw, 448px\" \/><\/a><br \/>\nEl paseo es gratuito y no necesita inscripci\u00f3n.\u00a0 Al terminar la caminata, quien desee aprovechar la jornada para almorzar en la <strong>Herdade dos Barros<\/strong> tendr\u00e1 un descuento del 5% en la cuenta, y si hubiera mucha gente interesada se pudr\u00eda cambiar por una comida para grupo, con lo que el descuento ser\u00eda mayor, informan desde la organizaci\u00f3n.<\/p>\n<p>Para contactar con la <a href=\"http:\/\/faria100.wix.com\/portugal-borderlands\" rel=\"external nofollow\"><strong>Asociaci\u00f3n Projecto Raia Alentejana<\/strong><\/a> envia un mail a faria100@gmail.com o llamar al 965670853.<\/p>\n<!-- AddThis Advanced Settings generic via filter on the_content --><!-- AddThis Share Buttons generic via filter on the_content -->","protected":false},"excerpt":{"rendered":"<p>La Asociaci\u00f3n Projecto Raia Alentejana prepara una nueva visita guiada por tierras lusas. La caminata tendr\u00e1 lugar este s\u00e1bado en Terena (Alandroal), a unos 70 kil\u00f3metros de Badajoz. Se trata de una ruta circular de 15 kil\u00f3metros y dificuldad reducida que nos llevar\u00e1 hasta Rosario por las orillas del r\u00edo Lucifer, ahora tomadas por las [&hellip;]<!-- AddThis Advanced Settings generic via filter on get_the_excerpt --><!-- AddThis Share Buttons generic via filter on get_the_excerpt --><\/p>\n","protected":false},"author":27,"featured_media":0,"comment_status":"open","ping_status":"closed","sticky":false,"template":"","format":"standard","meta":[],"categories":[4],"tags":[86,301,793,827,864,873,906,1035],"_links":{"self":[{"href":"https:\/\/blogs.hoy.es\/senderosextremadura\/wp-json\/wp\/v2\/posts\/2415"}],"collection":[{"href":"https:\/\/blogs.hoy.es\/senderosextremadura\/wp-json\/wp\/v2\/posts"}],"about":[{"href":"https:\/\/blogs.hoy.es\/senderosextremadura\/wp-json\/wp\/v2\/types\/post"}],"author":[{"embeddable":true,"href":"https:\/\/blogs.hoy.es\/senderosextremadura\/wp-json\/wp\/v2\/users\/27"}],"replies":[{"embeddable":true,"href":"https:\/\/blogs.hoy.es\/senderosextremadura\/wp-json\/wp\/v2\/comments?post=2415"}],"version-history":[{"count":0,"href":"https:\/\/blogs.hoy.es\/senderosextremadura\/wp-json\/wp\/v2\/posts\/2415\/revisions"}],"wp:attachment":[{"href":"https:\/\/blogs.hoy.es\/senderosextremadura\/wp-json\/wp\/v2\/media?parent=2415"}],"wp:term":[{"taxonomy":"category","embeddable":true,"href":"https:\/\/blogs.hoy.es\/senderosextremadura\/wp-json\/wp\/v2\/categories?post=2415"},{"taxonomy":"post_tag","embeddable":true,"href":"https:\/\/blogs.hoy.es\/senderosextremadura\/wp-json\/wp\/v2\/tags?post=2415"}],"curies":[{"name":"wp","href":"https:\/\/api.w.org\/{rel}","templated":true}]}}