{"id":2419,"date":"2014-01-22T16:28:49","date_gmt":"2014-01-22T16:28:49","guid":{"rendered":"http:\/\/blogs.hoy.es\/senderosextremadura\/?p=2419"},"modified":"2014-01-22T16:28:49","modified_gmt":"2014-01-22T16:28:49","slug":"de-jarandilla-de-la-vera-a-garganta-la-olla-2-de-febrero","status":"publish","type":"post","link":"https:\/\/blogs.hoy.es\/senderosextremadura\/2014\/01\/22\/de-jarandilla-de-la-vera-a-garganta-la-olla-2-de-febrero\/","title":{"rendered":"De Jarandilla de la Vera a Garganta la Olla (2 de febrero)"},"content":{"rendered":"<p><a href=\"https:\/\/blogs.hoy.es\/senderosextremadura\/2014\/01\/22\/de-jarandilla-de-la-vera-a-garganta-la-olla-2-de-febrero\/gargantan\/\" rel=\"attachment wp-att-2420\"><img loading=\"lazy\" class=\"alignright  wp-image-2420\" title=\"\" src=\"\/senderosextremadura\/wp-content\/uploads\/sites\/22\/2014\/01\/gargantan.jpg\" alt=\"\" width=\"355\" height=\"500\" \/><\/a>El <a href=\"http:\/\/www.clubgr100.com\" rel=\"external nofollow\"><strong>club extreme\u00f1o de Esqu\u00ed y Monta\u00f1a GR100<\/strong><\/a> inicia su calendario 2014 con una ruta de senderismo entre las localidades cacere\u00f1as de <strong>Jarandilla de la Vera y Garganta la Olla<\/strong>. Se trata de una marcha de <strong>18 kil\u00f3metros<\/strong> y dificuldad baja que se celebrar\u00e1 el pr\u00f3ximo 2 de febrero.\u00a0 Los participantes podr\u00e1n salir en Badajoz y C\u00e1ceres en el autob\u00fas del club.<\/p>\n<p><strong>PERFIL GENERAL DE LA RUTA<\/strong>.<\/p>\n<p>Punto de partida: Jarandilla de la Vera<\/p>\n<p>Punto de llegada: Garganta la Olla<\/p>\n<p>Distancia:18,0 km<\/p>\n<p>Dificultad:Baja.<\/p>\n<p>Duraci\u00f3n (aprox.) del recorrido: 5:30horas.<\/p>\n<p><strong>INSCRIBIRTE PARA LA RUTA.<\/strong><\/p>\n<p>Para inscribirte en la actividad haz clic <a href=\"http:\/\/www.reunalia.com\/8740139\" target=\"_blank\" rel=\"external nofollow\"><strong>AQU\u00cd <\/strong><\/a>y rellena el formulario, o tambi\u00e9n puedes acercarte a Intersport Mostazo en C\u00e1ceres.<\/p>\n<p>El costa de la actividad es de 15 euros para los socios y de 20 euros\u00a0 para los no socios,\u00a0 e incluye gu\u00edas acompa\u00f1antes, autob\u00fas ida\/vuelta y seguros obligatorios.<\/p>\n<p>Para ampliar la informaci\u00f3n, no dudes ponerte en contacto con el club a trav\u00e9s de actividades@clubgr100.com o en los siguientes tel\u00e9fonos:<\/p>\n<p><strong>BADAJOZ. 608516568. GONZALO<\/strong><\/p>\n<p><strong>CACERES. 654551304. DIEGO MOSTAZO<\/strong><\/p>\n<p><strong>M\u00c9RIDA. 616267252. JUAN JOSE<\/strong><\/p>\n<!-- AddThis Advanced Settings generic via filter on the_content --><!-- AddThis Share Buttons generic via filter on the_content -->","protected":false},"excerpt":{"rendered":"<p>El club extreme\u00f1o de Esqu\u00ed y Monta\u00f1a GR100 inicia su calendario 2014 con una ruta de senderismo entre las localidades cacere\u00f1as de Jarandilla de la Vera y Garganta la Olla. Se trata de una marcha de 18 kil\u00f3metros y dificuldad baja que se celebrar\u00e1 el pr\u00f3ximo 2 de febrero.\u00a0 Los participantes podr\u00e1n salir en Badajoz [&hellip;]<!-- AddThis Advanced Settings generic via filter on get_the_excerpt --><!-- AddThis Share Buttons generic via filter on get_the_excerpt --><\/p>\n","protected":false},"author":27,"featured_media":0,"comment_status":"open","ping_status":"closed","sticky":false,"template":"","format":"standard","meta":[],"categories":[4],"tags":[],"_links":{"self":[{"href":"https:\/\/blogs.hoy.es\/senderosextremadura\/wp-json\/wp\/v2\/posts\/2419"}],"collection":[{"href":"https:\/\/blogs.hoy.es\/senderosextremadura\/wp-json\/wp\/v2\/posts"}],"about":[{"href":"https:\/\/blogs.hoy.es\/senderosextremadura\/wp-json\/wp\/v2\/types\/post"}],"author":[{"embeddable":true,"href":"https:\/\/blogs.hoy.es\/senderosextremadura\/wp-json\/wp\/v2\/users\/27"}],"replies":[{"embeddable":true,"href":"https:\/\/blogs.hoy.es\/senderosextremadura\/wp-json\/wp\/v2\/comments?post=2419"}],"version-history":[{"count":0,"href":"https:\/\/blogs.hoy.es\/senderosextremadura\/wp-json\/wp\/v2\/posts\/2419\/revisions"}],"wp:attachment":[{"href":"https:\/\/blogs.hoy.es\/senderosextremadura\/wp-json\/wp\/v2\/media?parent=2419"}],"wp:term":[{"taxonomy":"category","embeddable":true,"href":"https:\/\/blogs.hoy.es\/senderosextremadura\/wp-json\/wp\/v2\/categories?post=2419"},{"taxonomy":"post_tag","embeddable":true,"href":"https:\/\/blogs.hoy.es\/senderosextremadura\/wp-json\/wp\/v2\/tags?post=2419"}],"curies":[{"name":"wp","href":"https:\/\/api.w.org\/{rel}","templated":true}]}}