{"id":2422,"date":"2014-01-23T10:34:38","date_gmt":"2014-01-23T10:34:38","guid":{"rendered":"http:\/\/blogs.hoy.es\/senderosextremadura\/?p=2422"},"modified":"2014-01-23T10:34:38","modified_gmt":"2014-01-23T10:34:38","slug":"2422","status":"publish","type":"post","link":"https:\/\/blogs.hoy.es\/senderosextremadura\/2014\/01\/23\/2422\/","title":{"rendered":"D\u00f3lmenes rodeados de dehesa hasta llegar a la Ermita de Barb\u00f3n (26 de enero)"},"content":{"rendered":"<p><a href=\"https:\/\/blogs.hoy.es\/senderosextremadura\/2014\/01\/23\/2422\/barbon\/\" rel=\"attachment wp-att-2423\"><img loading=\"lazy\" class=\"alignright  wp-image-2423\" title=\"\" src=\"\/senderosextremadura\/wp-content\/uploads\/sites\/22\/2014\/01\/barbon.jpg\" alt=\"\" width=\"332\" height=\"442\" srcset=\"https:\/\/static-blogs.hoy.es\/wp-content\/uploads\/sites\/22\/2014\/01\/barbon.jpg 403w, https:\/\/static-blogs.hoy.es\/wp-content\/uploads\/sites\/22\/2014\/01\/barbon-225x300.jpg 225w\" sizes=\"(max-width: 332px) 100vw, 332px\" \/><\/a><\/p>\n<h4 style=\"text-align: left;\"><span style=\"font-size: medium;\">La <a href=\"http:\/\/www.asociaciongeografica.com\/\" rel=\"external nofollow\">Asociaci\u00f3n de Actividades en la Naturaleza Geogr\u00e1fica<\/a> organiza una ruta para este fin de semana hasta la ermita de Barb\u00f3n, en la Sierra de San Pedro-Los Bald\u00edos. El precio de la ruta es de 20 euros y los caminantes saldr\u00e1n de Badajoz a las nueve de la ma\u00f1ana desde la Plaza de La Libertad. <\/span><\/h4>\n<p><span style=\"font-size: medium;\">La marcha discurre por un bello y f\u00e1cil recorrido que parte de la localidad cacere\u00f1a de Valencia de Alc\u00e1ntara y termina en el caser\u00edo de La Ace\u00f1a de la Borrega, recorriendo un precioso paraje repleto de inter\u00e9s natural, paisaj\u00edstico e hist\u00f3rico. Durante el itinerario nos encontraremos un total de 13 d\u00f3lmenes, rodeados de bellas dehesas, roquedos y crester\u00edos. Otra ruta llena de inter\u00e9s y belleza. Otra ruta para no perd\u00e9rsela.<br \/>\nOs esperamos.<\/span><\/p>\n<p>Ficha T\u00e9cnica:<\/p>\n<p>Nivel de Dificultad: F\u00e1cil.<br \/>\nDistancia Total: 15 kil\u00f3metros.<br \/>\nTipo de recorrido: Lineal.<br \/>\nDesnivel positivo: 475 mts.<br \/>\nDesnivel Negativo: 254 mts.<br \/>\nCota m\u00e1xima: 604 mts.<br \/>\nCota m\u00ednima: 314 mts.<br \/>\nHora de Salida: 09:00 Horas.<\/p>\n<p>M\u00e1s informaci\u00f3n en :<\/p>\n<table cellspacing=\"0\" cellpadding=\"0\">\n<tbody>\n<tr>\n<td>Tel\u00e9fono<\/td>\n<td>924 27 85 61<\/td>\n<\/tr>\n<tr>\n<td>Direcci\u00f3n de correo electr\u00f3nico<\/td>\n<td><a href=\"mailto:infogeografica@gmail.com\">infogeografica@gmail.com<\/a><\/td>\n<\/tr>\n<tr>\n<td>Sitio web<\/td>\n<td><a href=\"http:\/\/www.facebook.com\/l.php?u=http%3A%2F%2Fwww.asociaciongeografica.com%2F&#038;h=lAQEYQTBs&#038;enc=AZMcDh3C0VA0YJKQ4a_d8bw0aPlPKGg3K2LoLrQ1_FDQK1fr6l-Iak5YTbsZGSmPKoc_rRI3vYuCNZFGRQpplov9KOM-wqQgVvuG8bDZCeDYXQ&#038;s=1\" rel=\"nofollow external\" target=\"_blank\">http:\/\/www.asociaciongeografica.com<\/a><\/td>\n<\/tr>\n<\/tbody>\n<\/table>\n<p>&nbsp;<\/p>\n<!-- AddThis Advanced Settings generic via filter on the_content --><!-- AddThis Share Buttons generic via filter on the_content -->","protected":false},"excerpt":{"rendered":"<p>La Asociaci\u00f3n de Actividades en la Naturaleza Geogr\u00e1fica organiza una ruta para este fin de semana hasta la ermita de Barb\u00f3n, en la Sierra de San Pedro-Los Bald\u00edos. El precio de la ruta es de 20 euros y los caminantes saldr\u00e1n de Badajoz a las nueve de la ma\u00f1ana desde la Plaza de La Libertad. [&hellip;]<!-- AddThis Advanced Settings generic via filter on get_the_excerpt --><!-- AddThis Share Buttons generic via filter on get_the_excerpt --><\/p>\n","protected":false},"author":27,"featured_media":0,"comment_status":"open","ping_status":"closed","sticky":false,"template":"","format":"standard","meta":[],"categories":[4],"tags":[349,817,836,906,944,1035],"_links":{"self":[{"href":"https:\/\/blogs.hoy.es\/senderosextremadura\/wp-json\/wp\/v2\/posts\/2422"}],"collection":[{"href":"https:\/\/blogs.hoy.es\/senderosextremadura\/wp-json\/wp\/v2\/posts"}],"about":[{"href":"https:\/\/blogs.hoy.es\/senderosextremadura\/wp-json\/wp\/v2\/types\/post"}],"author":[{"embeddable":true,"href":"https:\/\/blogs.hoy.es\/senderosextremadura\/wp-json\/wp\/v2\/users\/27"}],"replies":[{"embeddable":true,"href":"https:\/\/blogs.hoy.es\/senderosextremadura\/wp-json\/wp\/v2\/comments?post=2422"}],"version-history":[{"count":0,"href":"https:\/\/blogs.hoy.es\/senderosextremadura\/wp-json\/wp\/v2\/posts\/2422\/revisions"}],"wp:attachment":[{"href":"https:\/\/blogs.hoy.es\/senderosextremadura\/wp-json\/wp\/v2\/media?parent=2422"}],"wp:term":[{"taxonomy":"category","embeddable":true,"href":"https:\/\/blogs.hoy.es\/senderosextremadura\/wp-json\/wp\/v2\/categories?post=2422"},{"taxonomy":"post_tag","embeddable":true,"href":"https:\/\/blogs.hoy.es\/senderosextremadura\/wp-json\/wp\/v2\/tags?post=2422"}],"curies":[{"name":"wp","href":"https:\/\/api.w.org\/{rel}","templated":true}]}}