{"id":2425,"date":"2014-02-05T17:22:01","date_gmt":"2014-02-05T17:22:01","guid":{"rendered":"http:\/\/blogs.hoy.es\/senderosextremadura\/?p=2425"},"modified":"2014-02-05T17:22:01","modified_gmt":"2014-02-05T17:22:01","slug":"caminata-por-los-miradores-del-guadiana-9-de-febrero","status":"publish","type":"post","link":"https:\/\/blogs.hoy.es\/senderosextremadura\/2014\/02\/05\/caminata-por-los-miradores-del-guadiana-9-de-febrero\/","title":{"rendered":"La caminata por los miradores del Guadiana se retrasa por la lluvia  (16 de febrero)"},"content":{"rendered":"<p>&nbsp;<\/p>\n<div id=\"attachment_2496\" style=\"width: 465px\" class=\"wp-caption aligncenter\"><a href=\"https:\/\/blogs.hoy.es\/senderosextremadura\"><img aria-describedby=\"caption-attachment-2496\" loading=\"lazy\" class=\" wp-image-2496\" title=\"\" src=\"\/senderosextremadura\/wp-content\/uploads\/sites\/22\/2014\/02\/retrasada_n.jpg\" alt=\"\" width=\"455\" height=\"642\" srcset=\"https:\/\/static-blogs.hoy.es\/wp-content\/uploads\/sites\/22\/2014\/02\/retrasada_n.jpg 679w, https:\/\/static-blogs.hoy.es\/wp-content\/uploads\/sites\/22\/2014\/02\/retrasada_n-212x300.jpg 212w, https:\/\/static-blogs.hoy.es\/wp-content\/uploads\/sites\/22\/2014\/02\/retrasada_n-600x848.jpg 600w\" sizes=\"(max-width: 455px) 100vw, 455px\" \/><\/a><p id=\"caption-attachment-2496\" class=\"wp-caption-text\">Nuevo cartel<\/p><\/div>\n<p>La iniciativa <strong>Recorriendo Espacios Naturales<\/strong> incluye una <strong>caminata por los miradores del Guadiana en la comarca de La Siberia<\/strong>. La actividad hab\u00eda sido programada para el 9 de febrero por el <strong>Ayuntamiento de Casas de Don Pedro<\/strong>, la<strong> Oficina de Turismo de Talarrubias<\/strong><strong><\/strong> y SEO Birdlife, pero ha tenido que retrasarse por la previsi\u00f3n de lluvia.\u00a0 Finalmente la actividad se llevar\u00e1 a cabo el domingo 16 de febrero. La\u00a0 marcha circular tiene como punto de inicio y finalizaci\u00f3n la localidad pacense de Casas de Don Pedro. <!--more--><\/p>\n<p>En estos paisajes de gran valor ecol\u00f3gico se encuentra un humedal de importancia internacional, seg\u00fan el Convenio Ramsar, adem\u00e1s de una <strong>zona ZEPA y ZIR<\/strong>. Se trata de un recorrido circular de 9,3 km y una duraci\u00f3n estimada de unas dos horas. La marcha est\u00e1 indicada para mayores de 12 a\u00f1os.<\/p>\n<p>Para informaci\u00f3n e inscripcioens ponerse en contacto con la <strong>Oficina de Turismo de Talarrubias<\/strong> en el <strong>924631151 o<\/strong> en el <strong>oit_talarrubias@hotmail.com, o llamar al 682635698, contacto de Ocio y Tiempo Libre de Casas de Don Pedro.<br \/>\n<\/strong><\/p>\n<!-- AddThis Advanced Settings generic via filter on the_content --><!-- AddThis Share Buttons generic via filter on the_content -->","protected":false},"excerpt":{"rendered":"<p>&nbsp; La iniciativa Recorriendo Espacios Naturales incluye una caminata por los miradores del Guadiana en la comarca de La Siberia. La actividad hab\u00eda sido programada para el 9 de febrero por el Ayuntamiento de Casas de Don Pedro, la Oficina de Turismo de Talarrubias y SEO Birdlife, pero ha tenido que retrasarse por la previsi\u00f3n [&hellip;]<!-- AddThis Advanced Settings generic via filter on get_the_excerpt --><!-- AddThis Share Buttons generic via filter on get_the_excerpt --><\/p>\n","protected":false},"author":27,"featured_media":0,"comment_status":"open","ping_status":"closed","sticky":false,"template":"","format":"standard","meta":[],"categories":[4],"tags":[168,261,301,817,906],"_links":{"self":[{"href":"https:\/\/blogs.hoy.es\/senderosextremadura\/wp-json\/wp\/v2\/posts\/2425"}],"collection":[{"href":"https:\/\/blogs.hoy.es\/senderosextremadura\/wp-json\/wp\/v2\/posts"}],"about":[{"href":"https:\/\/blogs.hoy.es\/senderosextremadura\/wp-json\/wp\/v2\/types\/post"}],"author":[{"embeddable":true,"href":"https:\/\/blogs.hoy.es\/senderosextremadura\/wp-json\/wp\/v2\/users\/27"}],"replies":[{"embeddable":true,"href":"https:\/\/blogs.hoy.es\/senderosextremadura\/wp-json\/wp\/v2\/comments?post=2425"}],"version-history":[{"count":0,"href":"https:\/\/blogs.hoy.es\/senderosextremadura\/wp-json\/wp\/v2\/posts\/2425\/revisions"}],"wp:attachment":[{"href":"https:\/\/blogs.hoy.es\/senderosextremadura\/wp-json\/wp\/v2\/media?parent=2425"}],"wp:term":[{"taxonomy":"category","embeddable":true,"href":"https:\/\/blogs.hoy.es\/senderosextremadura\/wp-json\/wp\/v2\/categories?post=2425"},{"taxonomy":"post_tag","embeddable":true,"href":"https:\/\/blogs.hoy.es\/senderosextremadura\/wp-json\/wp\/v2\/tags?post=2425"}],"curies":[{"name":"wp","href":"https:\/\/api.w.org\/{rel}","templated":true}]}}