{"id":2428,"date":"2014-01-24T21:04:53","date_gmt":"2014-01-24T21:04:53","guid":{"rendered":"http:\/\/blogs.hoy.es\/senderosextremadura\/?p=2428"},"modified":"2014-01-24T21:04:53","modified_gmt":"2014-01-24T21:04:53","slug":"el-club-del-caminante-pone-rumbo-a-marvao-26-de-enero","status":"publish","type":"post","link":"https:\/\/blogs.hoy.es\/senderosextremadura\/2014\/01\/24\/el-club-del-caminante-pone-rumbo-a-marvao-26-de-enero\/","title":{"rendered":"El Club del Caminante pone rumbo a Marv\u00e3o (26 de enero)"},"content":{"rendered":"<p><a href=\"\/senderosextremadura\/wp-content\/uploads\/sites\/22\/2014\/01\/marvao49_n.jpg\"><img loading=\"lazy\" class=\"aligncenter size-large wp-image-2429\" title=\"\" src=\"\/senderosextremadura\/wp-content\/uploads\/sites\/22\/2014\/01\/marvao49_n.jpg\" alt=\"\" width=\"600\" height=\"448\" srcset=\"https:\/\/static-blogs.hoy.es\/wp-content\/uploads\/sites\/22\/2014\/01\/marvao49_n.jpg 960w, https:\/\/static-blogs.hoy.es\/wp-content\/uploads\/sites\/22\/2014\/01\/marvao49_n-300x224.jpg 300w, https:\/\/static-blogs.hoy.es\/wp-content\/uploads\/sites\/22\/2014\/01\/marvao49_n-768x574.jpg 768w, https:\/\/static-blogs.hoy.es\/wp-content\/uploads\/sites\/22\/2014\/01\/marvao49_n-600x449.jpg 600w\" sizes=\"(max-width: 600px) 100vw, 600px\" \/><\/a><\/p>\n<p>Este domingo el <strong>Club del Caminante de Badajoz<\/strong> cruza de nuevo la frontera. Se trata de una marcha que transcurrir\u00e1 este domingo 26 de enero por la Raya hispano-lusa, entre las localidades de Valencia de Alc\u00e1ntara y Portagem, dentro de la ruta se encaminar\u00e1n hacia la bella poblaci\u00f3n de Marv\u00e3o, muy conocida por algunos extreme\u00f1os, sobre todo como el nido de las \u00e1guilas.<\/p>\n<p>M\u00e1s informaci\u00f3n en el <a href=\"https:\/\/www.facebook.com\/pages\/Club-del-Caminante-de-Badajoz\/269495982857\" rel=\"external nofollow\"><strong>perfil de Facebook del club<\/strong> <\/a><\/p>\n<!-- AddThis Advanced Settings generic via filter on the_content --><!-- AddThis Share Buttons generic via filter on the_content -->","protected":false},"excerpt":{"rendered":"<p>Este domingo el Club del Caminante de Badajoz cruza de nuevo la frontera. Se trata de una marcha que transcurrir\u00e1 este domingo 26 de enero por la Raya hispano-lusa, entre las localidades de Valencia de Alc\u00e1ntara y Portagem, dentro de la ruta se encaminar\u00e1n hacia la bella poblaci\u00f3n de Marv\u00e3o, muy conocida por algunos extreme\u00f1os, [&hellip;]<!-- AddThis Advanced Settings generic via filter on get_the_excerpt --><!-- AddThis Share Buttons generic via filter on get_the_excerpt --><\/p>\n","protected":false},"author":3,"featured_media":0,"comment_status":"open","ping_status":"closed","sticky":false,"template":"","format":"standard","meta":[],"categories":[4],"tags":[],"_links":{"self":[{"href":"https:\/\/blogs.hoy.es\/senderosextremadura\/wp-json\/wp\/v2\/posts\/2428"}],"collection":[{"href":"https:\/\/blogs.hoy.es\/senderosextremadura\/wp-json\/wp\/v2\/posts"}],"about":[{"href":"https:\/\/blogs.hoy.es\/senderosextremadura\/wp-json\/wp\/v2\/types\/post"}],"author":[{"embeddable":true,"href":"https:\/\/blogs.hoy.es\/senderosextremadura\/wp-json\/wp\/v2\/users\/3"}],"replies":[{"embeddable":true,"href":"https:\/\/blogs.hoy.es\/senderosextremadura\/wp-json\/wp\/v2\/comments?post=2428"}],"version-history":[{"count":0,"href":"https:\/\/blogs.hoy.es\/senderosextremadura\/wp-json\/wp\/v2\/posts\/2428\/revisions"}],"wp:attachment":[{"href":"https:\/\/blogs.hoy.es\/senderosextremadura\/wp-json\/wp\/v2\/media?parent=2428"}],"wp:term":[{"taxonomy":"category","embeddable":true,"href":"https:\/\/blogs.hoy.es\/senderosextremadura\/wp-json\/wp\/v2\/categories?post=2428"},{"taxonomy":"post_tag","embeddable":true,"href":"https:\/\/blogs.hoy.es\/senderosextremadura\/wp-json\/wp\/v2\/tags?post=2428"}],"curies":[{"name":"wp","href":"https:\/\/api.w.org\/{rel}","templated":true}]}}