{"id":2431,"date":"2014-01-25T09:53:35","date_gmt":"2014-01-25T09:53:35","guid":{"rendered":"http:\/\/blogs.hoy.es\/senderosextremadura\/?p=2431"},"modified":"2014-01-25T09:53:35","modified_gmt":"2014-01-25T09:53:35","slug":"el-bordon-inicia-una-ruta-por-etapas-de-bejar-a-plasencia","status":"publish","type":"post","link":"https:\/\/blogs.hoy.es\/senderosextremadura\/2014\/01\/25\/el-bordon-inicia-una-ruta-por-etapas-de-bejar-a-plasencia\/","title":{"rendered":"El Bord\u00f3n inicia una ruta por etapas de B\u00e9jar a Plasencia"},"content":{"rendered":"<div id=\"attachment_2437\" style=\"width: 512px\" class=\"wp-caption aligncenter\"><a href=\"https:\/\/blogs.hoy.es\/senderosextremadura\/2014\/01\/25\/el-bordon-inicia-una-ruta-por-etapas-de-bejar-a-plasencia\/bejar-2\/\" rel=\"attachment wp-att-2437\"><img aria-describedby=\"caption-attachment-2437\" loading=\"lazy\" class=\" wp-image-2437\" title=\"\" src=\"\/senderosextremadura\/wp-content\/uploads\/sites\/22\/2014\/01\/B\u00e9jar1.jpg\" alt=\"\" width=\"502\" height=\"376\" srcset=\"https:\/\/static-blogs.hoy.es\/wp-content\/uploads\/sites\/22\/2014\/01\/B\u00e9jar1.jpg 800w, https:\/\/static-blogs.hoy.es\/wp-content\/uploads\/sites\/22\/2014\/01\/B\u00e9jar1-300x225.jpg 300w, https:\/\/static-blogs.hoy.es\/wp-content\/uploads\/sites\/22\/2014\/01\/B\u00e9jar1-768x576.jpg 768w, https:\/\/static-blogs.hoy.es\/wp-content\/uploads\/sites\/22\/2014\/01\/B\u00e9jar1-600x450.jpg 600w\" sizes=\"(max-width: 502px) 100vw, 502px\" \/><\/a><p id=\"caption-attachment-2437\" class=\"wp-caption-text\">Vistas de B\u00e9jar<\/p><\/div>\n<p>La <strong>asociaci\u00f3n El Bord\u00f3n<\/strong> inicia ma\u00f1ana domingo un proyecto consistente en <strong>caminar de B\u00e9jar (Salamanca) a Plasencia<\/strong>, aunque en cuatro etapas a desarrollar en cuatro d\u00edas distintos. A las 7.30 horas de ma\u00f1ana saldr\u00e1n en autob\u00fas por carretera hacia B\u00e9jar, desde comenzar\u00e1n a caminar en Llano Alto, y luego pasar\u00e1n por varios enclaves de la sierra hasta llegar primero a <strong>La Garganta<\/strong> y acabar en Ba\u00f1os de Montemayor. Las otras tres etapas se llevar\u00e1n a cabo en los domingos sucesivos hasta finalizar el proyecto.<\/p>\n<!-- AddThis Advanced Settings generic via filter on the_content --><!-- AddThis Share Buttons generic via filter on the_content -->","protected":false},"excerpt":{"rendered":"<p>La asociaci\u00f3n El Bord\u00f3n inicia ma\u00f1ana domingo un proyecto consistente en caminar de B\u00e9jar (Salamanca) a Plasencia, aunque en cuatro etapas a desarrollar en cuatro d\u00edas distintos. A las 7.30 horas de ma\u00f1ana saldr\u00e1n en autob\u00fas por carretera hacia B\u00e9jar, desde comenzar\u00e1n a caminar en Llano Alto, y luego pasar\u00e1n por varios enclaves de la [&hellip;]<!-- AddThis Advanced Settings generic via filter on get_the_excerpt --><!-- AddThis Share Buttons generic via filter on get_the_excerpt --><\/p>\n","protected":false},"author":27,"featured_media":0,"comment_status":"open","ping_status":"closed","sticky":false,"template":"","format":"standard","meta":[],"categories":[4],"tags":[272,803,821,863,906,944],"_links":{"self":[{"href":"https:\/\/blogs.hoy.es\/senderosextremadura\/wp-json\/wp\/v2\/posts\/2431"}],"collection":[{"href":"https:\/\/blogs.hoy.es\/senderosextremadura\/wp-json\/wp\/v2\/posts"}],"about":[{"href":"https:\/\/blogs.hoy.es\/senderosextremadura\/wp-json\/wp\/v2\/types\/post"}],"author":[{"embeddable":true,"href":"https:\/\/blogs.hoy.es\/senderosextremadura\/wp-json\/wp\/v2\/users\/27"}],"replies":[{"embeddable":true,"href":"https:\/\/blogs.hoy.es\/senderosextremadura\/wp-json\/wp\/v2\/comments?post=2431"}],"version-history":[{"count":0,"href":"https:\/\/blogs.hoy.es\/senderosextremadura\/wp-json\/wp\/v2\/posts\/2431\/revisions"}],"wp:attachment":[{"href":"https:\/\/blogs.hoy.es\/senderosextremadura\/wp-json\/wp\/v2\/media?parent=2431"}],"wp:term":[{"taxonomy":"category","embeddable":true,"href":"https:\/\/blogs.hoy.es\/senderosextremadura\/wp-json\/wp\/v2\/categories?post=2431"},{"taxonomy":"post_tag","embeddable":true,"href":"https:\/\/blogs.hoy.es\/senderosextremadura\/wp-json\/wp\/v2\/tags?post=2431"}],"curies":[{"name":"wp","href":"https:\/\/api.w.org\/{rel}","templated":true}]}}