{"id":2444,"date":"2014-01-27T09:40:06","date_gmt":"2014-01-27T09:40:06","guid":{"rendered":"http:\/\/blogs.hoy.es\/senderosextremadura\/?p=2444"},"modified":"2014-01-27T09:40:06","modified_gmt":"2014-01-27T09:40:06","slug":"en-el-sur-de-badajoz-ruta-de-los-molinos-del-benferre","status":"publish","type":"post","link":"https:\/\/blogs.hoy.es\/senderosextremadura\/2014\/01\/27\/en-el-sur-de-badajoz-ruta-de-los-molinos-del-benferre\/","title":{"rendered":"En el sur de Badajoz: Ruta de los Molinos del Benferre  (2 de febrero)"},"content":{"rendered":"<div id=\"attachment_2445\" style=\"width: 510px\" class=\"wp-caption aligncenter\"><a href=\"https:\/\/blogs.hoy.es\/senderosextremadura\/\"><img aria-describedby=\"caption-attachment-2445\" loading=\"lazy\" class=\"size-full wp-image-2445\" title=\"\" src=\"\/senderosextremadura\/wp-content\/uploads\/sites\/22\/2014\/01\/R\u00edo_Ardila.jpg\" alt=\"\" width=\"500\" height=\"304\" srcset=\"https:\/\/static-blogs.hoy.es\/wp-content\/uploads\/sites\/22\/2014\/01\/R\u00edo_Ardila.jpg 500w, https:\/\/static-blogs.hoy.es\/wp-content\/uploads\/sites\/22\/2014\/01\/R\u00edo_Ardila-300x182.jpg 300w\" sizes=\"(max-width: 500px) 100vw, 500px\" \/><\/a><p id=\"caption-attachment-2445\" class=\"wp-caption-text\">R\u00edo Ardila, con la Sierra de Jerez al fondo:: WIKIPEDIA<\/p><\/div>\n<p><strong><a href=\"https:\/\/www.facebook.com\/ExplorerFranquicias\" target=\"_blank\" rel=\"external nofollow\">Explorer Badajoz<\/a><\/strong> potencia las caminatas por el <strong>sur de Badajoz<\/strong> con una marcha que parte desde<strong> Jerez de los Caballeros<\/strong>. La <strong>Ruta de los Molinos del Benferre<\/strong> es uno de los trayectos m\u00e1s esperados de este invierno por su originalidad y belleza.<!--more--><\/p>\n<p>El recorrido de 16 kil\u00f3metros (y dificultad media-baja) transcurre por los siempre <strong>frescos m\u00e1rgenes del arroyo de Benferre<\/strong> y del r\u00edo Ardilla, en el que los senderistas podr\u00e1n disfrutar de las verdes <strong>dehesas de la Sierra de Jerez<\/strong> y de su flora y fauna de ribera. Paisajes en los que adem\u00e1s destacan los restos de la arquitectura industrial hidra\u00falica de la zona (m\u00e1s de 10 antiguos molinos),<\/p>\n<p>La marcha finalizar\u00e1 en la localidad de La Bazana.<\/p>\n<p>La inscripci\u00f3n tiene un coste de 20 euros.<\/p>\n<p>SALIDA:<br \/>\n08,30h desde Badajoz (Aparcamientos Iglesia de San Jos\u00e9)<br \/>\n09,10h desde Almendral (Estaci\u00f3n de Servicio)<br \/>\n09,50h desde Jerez de los Caballeros (Estaci\u00f3n de Servicio)<\/p>\n<p>&nbsp;<\/p>\n<p>M\u00c1S INFORMACI\u00d3N: 902 999 163<br \/>\nE-MAIL: tourextremadura@zonaexplor<wbr>er.com<\/wbr><\/p>\n<!-- AddThis Advanced Settings generic via filter on the_content --><!-- AddThis Share Buttons generic via filter on the_content -->","protected":false},"excerpt":{"rendered":"<p>Explorer Badajoz potencia las caminatas por el sur de Badajoz con una marcha que parte desde Jerez de los Caballeros. La Ruta de los Molinos del Benferre es uno de los trayectos m\u00e1s esperados de este invierno por su originalidad y belleza.<!-- AddThis Advanced Settings generic via filter on get_the_excerpt --><!-- AddThis Share Buttons generic via filter on get_the_excerpt --><\/p>\n","protected":false},"author":27,"featured_media":0,"comment_status":"open","ping_status":"closed","sticky":false,"template":"","format":"standard","meta":[],"categories":[4],"tags":[63,693,910,937,944,981,1035],"_links":{"self":[{"href":"https:\/\/blogs.hoy.es\/senderosextremadura\/wp-json\/wp\/v2\/posts\/2444"}],"collection":[{"href":"https:\/\/blogs.hoy.es\/senderosextremadura\/wp-json\/wp\/v2\/posts"}],"about":[{"href":"https:\/\/blogs.hoy.es\/senderosextremadura\/wp-json\/wp\/v2\/types\/post"}],"author":[{"embeddable":true,"href":"https:\/\/blogs.hoy.es\/senderosextremadura\/wp-json\/wp\/v2\/users\/27"}],"replies":[{"embeddable":true,"href":"https:\/\/blogs.hoy.es\/senderosextremadura\/wp-json\/wp\/v2\/comments?post=2444"}],"version-history":[{"count":0,"href":"https:\/\/blogs.hoy.es\/senderosextremadura\/wp-json\/wp\/v2\/posts\/2444\/revisions"}],"wp:attachment":[{"href":"https:\/\/blogs.hoy.es\/senderosextremadura\/wp-json\/wp\/v2\/media?parent=2444"}],"wp:term":[{"taxonomy":"category","embeddable":true,"href":"https:\/\/blogs.hoy.es\/senderosextremadura\/wp-json\/wp\/v2\/categories?post=2444"},{"taxonomy":"post_tag","embeddable":true,"href":"https:\/\/blogs.hoy.es\/senderosextremadura\/wp-json\/wp\/v2\/tags?post=2444"}],"curies":[{"name":"wp","href":"https:\/\/api.w.org\/{rel}","templated":true}]}}