{"id":2447,"date":"2014-03-25T09:57:34","date_gmt":"2014-03-25T09:57:34","guid":{"rendered":"http:\/\/blogs.hoy.es\/senderosextremadura\/?p=2447"},"modified":"2014-03-25T09:57:34","modified_gmt":"2014-03-25T09:57:34","slug":"a-orillas-del-embalse-de-villalba-entre-encinas-milenarias-30-de-marzo","status":"publish","type":"post","link":"https:\/\/blogs.hoy.es\/senderosextremadura\/2014\/03\/25\/a-orillas-del-embalse-de-villalba-entre-encinas-milenarias-30-de-marzo\/","title":{"rendered":"A orillas del embalse de Villalba entre encinas milenarias (30 de marzo)"},"content":{"rendered":"<p><a href=\"https:\/\/blogs.hoy.es\/senderosextremadura\/\"><img loading=\"lazy\" class=\"aligncenter  wp-image-2448\" title=\"\" src=\"\/senderosextremadura\/wp-content\/uploads\/sites\/22\/2014\/01\/senderistas.jpg\" alt=\"\" width=\"494\" height=\"362\" srcset=\"https:\/\/static-blogs.hoy.es\/wp-content\/uploads\/sites\/22\/2014\/01\/senderistas.jpg 960w, https:\/\/static-blogs.hoy.es\/wp-content\/uploads\/sites\/22\/2014\/01\/senderistas-300x220.jpg 300w, https:\/\/static-blogs.hoy.es\/wp-content\/uploads\/sites\/22\/2014\/01\/senderistas-768x563.jpg 768w, https:\/\/static-blogs.hoy.es\/wp-content\/uploads\/sites\/22\/2014\/01\/senderistas-600x440.jpg 600w\" sizes=\"(max-width: 494px) 100vw, 494px\" \/><\/a><\/p>\n<p>El pr\u00f3ximo 30 de marzo se celebrar\u00e1 en <strong>Villalba de los Barros<\/strong> una ruta senderista por su &#8216;Monte Virgen&#8217;. La marcha discurre a orillas del embalse de esta localidad pacense y por su hermoso <strong>monte de encinas milenarias<\/strong>. Los senderistas disfrutar\u00e1n de\u00a0 vistas espectaculares en unos senderos son f\u00e1ciles de transitar. La marcha tendr\u00e1 dos recorridos: uno de 29 kil\u00f3metros y otro reducido, de 11. <!--more--><\/p>\n<p>Durante la marcha habr\u00e1 dos puntos de avituallamiento.\u00a0 La cuotra de inscripci\u00f3n es un donativo de cinco euros -incluye segudo-.<\/p>\n<p><a href=\"https:\/\/www.facebook.com\/senderistamontevirgen?fref=ts\" target=\"_blank\" rel=\"external nofollow\"><strong>M\u00e1s informaci\u00f3n en Facebook.<\/strong><\/a><\/p>\n<p><a href=\"https:\/\/blogs.hoy.es\/senderosextremadura\/\"><img loading=\"lazy\" class=\"aligncenter size-large wp-image-2450\" title=\"\" src=\"\/senderosextremadura\/wp-content\/uploads\/sites\/22\/2014\/01\/villalba2.jpg\" alt=\"\" width=\"600\" height=\"370\" srcset=\"https:\/\/static-blogs.hoy.es\/wp-content\/uploads\/sites\/22\/2014\/01\/villalba2.jpg 647w, https:\/\/static-blogs.hoy.es\/wp-content\/uploads\/sites\/22\/2014\/01\/villalba2-300x185.jpg 300w, https:\/\/static-blogs.hoy.es\/wp-content\/uploads\/sites\/22\/2014\/01\/villalba2-600x371.jpg 600w\" sizes=\"(max-width: 600px) 100vw, 600px\" \/><\/a><\/p>\n<!-- AddThis Advanced Settings generic via filter on the_content --><!-- AddThis Share Buttons generic via filter on the_content -->","protected":false},"excerpt":{"rendered":"<p>El pr\u00f3ximo 30 de marzo se celebrar\u00e1 en Villalba de los Barros una ruta senderista por su &#8216;Monte Virgen&#8217;. La marcha discurre a orillas del embalse de esta localidad pacense y por su hermoso monte de encinas milenarias. Los senderistas disfrutar\u00e1n de\u00a0 vistas espectaculares en unos senderos son f\u00e1ciles de transitar. La marcha tendr\u00e1 dos [&hellip;]<!-- AddThis Advanced Settings generic via filter on get_the_excerpt --><!-- AddThis Share Buttons generic via filter on get_the_excerpt --><\/p>\n","protected":false},"author":27,"featured_media":0,"comment_status":"open","ping_status":"closed","sticky":false,"template":"","format":"standard","meta":[],"categories":[4],"tags":[301,817,906],"_links":{"self":[{"href":"https:\/\/blogs.hoy.es\/senderosextremadura\/wp-json\/wp\/v2\/posts\/2447"}],"collection":[{"href":"https:\/\/blogs.hoy.es\/senderosextremadura\/wp-json\/wp\/v2\/posts"}],"about":[{"href":"https:\/\/blogs.hoy.es\/senderosextremadura\/wp-json\/wp\/v2\/types\/post"}],"author":[{"embeddable":true,"href":"https:\/\/blogs.hoy.es\/senderosextremadura\/wp-json\/wp\/v2\/users\/27"}],"replies":[{"embeddable":true,"href":"https:\/\/blogs.hoy.es\/senderosextremadura\/wp-json\/wp\/v2\/comments?post=2447"}],"version-history":[{"count":0,"href":"https:\/\/blogs.hoy.es\/senderosextremadura\/wp-json\/wp\/v2\/posts\/2447\/revisions"}],"wp:attachment":[{"href":"https:\/\/blogs.hoy.es\/senderosextremadura\/wp-json\/wp\/v2\/media?parent=2447"}],"wp:term":[{"taxonomy":"category","embeddable":true,"href":"https:\/\/blogs.hoy.es\/senderosextremadura\/wp-json\/wp\/v2\/categories?post=2447"},{"taxonomy":"post_tag","embeddable":true,"href":"https:\/\/blogs.hoy.es\/senderosextremadura\/wp-json\/wp\/v2\/tags?post=2447"}],"curies":[{"name":"wp","href":"https:\/\/api.w.org\/{rel}","templated":true}]}}