{"id":2454,"date":"2014-01-29T11:04:25","date_gmt":"2014-01-29T11:04:25","guid":{"rendered":"http:\/\/blogs.hoy.es\/senderosextremadura\/?p=2454"},"modified":"2014-01-29T11:04:25","modified_gmt":"2014-01-29T11:04:25","slug":"de-navasfrias-a-eljas-con-las-mejores-vistas-de-la-sierra-de-gata-9-de-febrero","status":"publish","type":"post","link":"https:\/\/blogs.hoy.es\/senderosextremadura\/2014\/01\/29\/de-navasfrias-a-eljas-con-las-mejores-vistas-de-la-sierra-de-gata-9-de-febrero\/","title":{"rendered":"De Navasfr\u00edas a Eljas, con las mejores vistas de la Sierra de Gata (9 de febrero)"},"content":{"rendered":"<p>&nbsp;<\/p>\n<div id=\"attachment_2457\" style=\"width: 610px\" class=\"wp-caption aligncenter\"><a href=\"https:\/\/blogs.hoy.es\/senderosextremadura\/\"><img aria-describedby=\"caption-attachment-2457\" loading=\"lazy\" class=\"size-large wp-image-2457\" title=\"Monta\u00f1eros de Valcorchero, en una ruta anterior de esta traves\u00eda:: JUAN F\u00c9LIX\" src=\"\/senderosextremadura\/wp-content\/uploads\/sites\/22\/2014\/01\/valcorchero.jpg\" alt=\"\" width=\"600\" height=\"450\" srcset=\"https:\/\/static-blogs.hoy.es\/wp-content\/uploads\/sites\/22\/2014\/01\/valcorchero.jpg 2048w, https:\/\/static-blogs.hoy.es\/wp-content\/uploads\/sites\/22\/2014\/01\/valcorchero-300x225.jpg 300w, https:\/\/static-blogs.hoy.es\/wp-content\/uploads\/sites\/22\/2014\/01\/valcorchero-768x576.jpg 768w, https:\/\/static-blogs.hoy.es\/wp-content\/uploads\/sites\/22\/2014\/01\/valcorchero-600x450.jpg 600w\" sizes=\"(max-width: 600px) 100vw, 600px\" \/><\/a><p id=\"caption-attachment-2457\" class=\"wp-caption-text\">Monta\u00f1eros de Valcorchero, en una ruta anterior de esta traves\u00eda:: JUAN F\u00c9LIX<\/p><\/div>\n<p>El <a href=\"https:\/\/www.facebook.com\/valcorchero.grupodemontana\" target=\"_blank\" rel=\"external nofollow\"><strong>Club de Monta\u00f1a Valcorchero de Plasencia<\/strong><\/a> ha organizado una ruta desde Navasfr\u00edas (Salamanca) hasta la\u00a0 la <a href=\"http:\/\/www.sierradegata.es\/\" target=\"_blank\" rel=\"external nofollow\"><strong>Sierra de Gata<\/strong><\/a>. La marcha tendr\u00e1 lugar el pr\u00f3ximo <strong>9 de febrero<\/strong>.<!--more--><\/p>\n<p>Los monta\u00f1eros saldr\u00e1n desde Navasfr\u00edas, municipio de la comarca del Rebollar (Salamanca) para tomar el camino se\u00f1alizado que parte de la plaza de toros. Tras cuatro kil\u00f3metros alcanzar\u00e1n la zona minera, para continuar monte a trav\u00e9s para alcanzar la Cuerda de Civiles y por ella llegar al Alto de la Carbonera, ya l\u00edmite con la provincia de C\u00e1ceres, desde donde se obtienen inmejorables vistas. A continuaci\u00f3n seguir\u00e1n por el l\u00edmite direcci\u00f3n este, llegando a loa Cortada del Raspapelo. Desde aqu\u00ed comenzamos a descender por la Cuerda del Cuervo, uno de los cordoales m\u00e1s espectaculares del Valle de los Tres Lugares, una vez en el Cancho del Cuervo comenzamos un vertiginoso pero corto descenso hasta la localidad cacere\u00f1a de Eljas, una poblaci\u00f3n de la Sierra de Gata literalmente colgada sobre las faldas del Sistema Central. Sin duda uno de los pueblos con mejores vistas de la Sierra.<\/p>\n<p><!--more--><br \/>\nITINERARIO: Navasfr\u00edas \u2013 Mina Brillante \u2013 Mina Sin Nombre \u2013 Cuerda de los Civiles \u2013 Alto de la Carbonera \u2013 El Espinazo \u2013 Cortada del Raspapelo \u2013 Cancho del Cuervo \u2013 Eljas<br \/>\nDistancia aprox.: 18,50 kms.<\/p>\n<p>Salida: Parque Los Pinos de Plasencia a las 7:00 horas<br \/>\nPrecios de inscripci\u00f3n:<br \/>\nSocios mayores federados: 8 euros No federados o federados con otro club: 12 euros<br \/>\nInf.\/Juvenil federados: Gratis Socios desempleados: 50 % descuento.<br \/>\nLas personas no federadas deber\u00e1n facilitar su DNI y fecha de nacimiento antes del jueves anterior a la marcha.<\/p>\n<p>Inscripciones: Agencia de viajes Extrematours (Avda. Alfonso XIII,12Tel: 927 427 117)<\/p>\n<!-- AddThis Advanced Settings generic via filter on the_content --><!-- AddThis Share Buttons generic via filter on the_content -->","protected":false},"excerpt":{"rendered":"<p>&nbsp; El Club de Monta\u00f1a Valcorchero de Plasencia ha organizado una ruta desde Navasfr\u00edas (Salamanca) hasta la\u00a0 la Sierra de Gata. La marcha tendr\u00e1 lugar el pr\u00f3ximo 9 de febrero.<!-- AddThis Advanced Settings generic via filter on get_the_excerpt --><!-- AddThis Share Buttons generic via filter on get_the_excerpt --><\/p>\n","protected":false},"author":3,"featured_media":0,"comment_status":"open","ping_status":"closed","sticky":false,"template":"","format":"standard","meta":[],"categories":[4],"tags":[276,524,639,821,836,852,906,944,977,1035,1047],"_links":{"self":[{"href":"https:\/\/blogs.hoy.es\/senderosextremadura\/wp-json\/wp\/v2\/posts\/2454"}],"collection":[{"href":"https:\/\/blogs.hoy.es\/senderosextremadura\/wp-json\/wp\/v2\/posts"}],"about":[{"href":"https:\/\/blogs.hoy.es\/senderosextremadura\/wp-json\/wp\/v2\/types\/post"}],"author":[{"embeddable":true,"href":"https:\/\/blogs.hoy.es\/senderosextremadura\/wp-json\/wp\/v2\/users\/3"}],"replies":[{"embeddable":true,"href":"https:\/\/blogs.hoy.es\/senderosextremadura\/wp-json\/wp\/v2\/comments?post=2454"}],"version-history":[{"count":0,"href":"https:\/\/blogs.hoy.es\/senderosextremadura\/wp-json\/wp\/v2\/posts\/2454\/revisions"}],"wp:attachment":[{"href":"https:\/\/blogs.hoy.es\/senderosextremadura\/wp-json\/wp\/v2\/media?parent=2454"}],"wp:term":[{"taxonomy":"category","embeddable":true,"href":"https:\/\/blogs.hoy.es\/senderosextremadura\/wp-json\/wp\/v2\/categories?post=2454"},{"taxonomy":"post_tag","embeddable":true,"href":"https:\/\/blogs.hoy.es\/senderosextremadura\/wp-json\/wp\/v2\/tags?post=2454"}],"curies":[{"name":"wp","href":"https:\/\/api.w.org\/{rel}","templated":true}]}}